{"id":610,"date":"2025-09-08T16:10:52","date_gmt":"2025-09-08T14:10:52","guid":{"rendered":"http:\/\/localhost\/PROJET%20SUM\/?p=610"},"modified":"2025-09-08T16:15:15","modified_gmt":"2025-09-08T14:15:15","slug":"rencontre-entre-m-ben-indesteger-membre-du-conseil-dadministration-de-uea-belgique-president-sum-internationale-et-le-vice-president-de-luniversite-de-matadi-thomas-mundele-kiakokua","status":"publish","type":"post","link":"https:\/\/www.sum-internationale-rdc.org\/?p=610","title":{"rendered":"Rencontre entre M.BEN INDESTEGER membre du Conseil d&rsquo;Administration de UEA Belgique, Pr\u00e9sident SUM Internationale et Le Vice-Pr\u00e9sident de l&rsquo;Universit\u00e9 de Matadi, Thomas Mundele Kiakokua."},"content":{"rendered":"\n<figure class=\"wp-block-pullquote has-text-align-center\"><blockquote><p><em>La SUM Internationale repr\u00e9sent\u00e9e par son Pr\u00e9sident<strong> <strong><em>MBILU KALEMBA Anderson<\/em><\/strong><\/strong> en sa qualit\u00e9 d&rsquo;une structure \u00e0 vocation nationale et internationale a jou\u00e9 un r\u00f4le de facilitateur et m\u00e9diateur sur le partenariat entre l&rsquo;Universit\u00e9 de Matadi (UNIMAT),<br>repr\u00e9sent\u00e9 par son Vice-pr\u00e9sident <strong>THOMAS MUNDELE KIAKOKUA<\/strong> et Universala Esperanto-asocio (UEA) de la Hollande repr\u00e9sent\u00e9 par <strong>M.BEN INDESTEGER<\/strong>, membre du conseil d&rsquo;administration de l&rsquo;UEA Belgique accompagn\u00e9 de <strong>M.MAFUILA JACKSON<\/strong>, Secr\u00e9taire G\u00e9n\u00e9ral de DKEA (Demokratia Konga Esperanto-Asocio).<\/em><\/p><\/blockquote><\/figure>\n\n\n\n<figure class=\"wp-block-gallery has-nested-images columns-default is-cropped wp-block-gallery-1 is-layout-flex wp-block-gallery-is-layout-flex\">\n<figure class=\"wp-block-image size-large\"><img  title=\"\" loading=\"lazy\" decoding=\"async\" width=\"1024\" height=\"683\" data-id=\"592\" src=\"http:\/\/localhost\/PROJET%20SUM\/wp-content\/uploads\/2025\/09\/IMG-20250903-WA0082-1024x683.jpg\"  alt=\"IMG-20250903-WA0082-1024x683 Rencontre entre M.BEN INDESTEGER membre du Conseil d&#039;Administration de UEA Belgique, Pr\u00e9sident SUM Internationale et Le Vice-Pr\u00e9sident de l&#039;Universit\u00e9 de Matadi, Thomas Mundele Kiakokua.\"  class=\"wp-image-592\" srcset=\"https:\/\/www.sum-internationale-rdc.org\/wp-content\/uploads\/2025\/09\/IMG-20250903-WA0082-1024x683.jpg 1024w, https:\/\/www.sum-internationale-rdc.org\/wp-content\/uploads\/2025\/09\/IMG-20250903-WA0082-300x200.jpg 300w, https:\/\/www.sum-internationale-rdc.org\/wp-content\/uploads\/2025\/09\/IMG-20250903-WA0082-768x512.jpg 768w, https:\/\/www.sum-internationale-rdc.org\/wp-content\/uploads\/2025\/09\/IMG-20250903-WA0082.jpg 1080w\" sizes=\"auto, (max-width: 1024px) 100vw, 1024px\" \/><figcaption class=\"wp-element-caption\">SUM INTERNATIONALE Kongo Central<\/figcaption><\/figure>\n\n\n\n<figure class=\"wp-block-image size-large\"><img  title=\"\" loading=\"lazy\" decoding=\"async\" width=\"1024\" height=\"683\" data-id=\"591\" src=\"http:\/\/localhost\/PROJET%20SUM\/wp-content\/uploads\/2025\/09\/IMG-20250903-WA0081-1024x683.jpg\"  alt=\"IMG-20250903-WA0081-1024x683 Rencontre entre M.BEN INDESTEGER membre du Conseil d&#039;Administration de UEA Belgique, Pr\u00e9sident SUM Internationale et Le Vice-Pr\u00e9sident de l&#039;Universit\u00e9 de Matadi, Thomas Mundele Kiakokua.\"  class=\"wp-image-591\" srcset=\"https:\/\/www.sum-internationale-rdc.org\/wp-content\/uploads\/2025\/09\/IMG-20250903-WA0081-1024x683.jpg 1024w, https:\/\/www.sum-internationale-rdc.org\/wp-content\/uploads\/2025\/09\/IMG-20250903-WA0081-300x200.jpg 300w, https:\/\/www.sum-internationale-rdc.org\/wp-content\/uploads\/2025\/09\/IMG-20250903-WA0081-768x512.jpg 768w, https:\/\/www.sum-internationale-rdc.org\/wp-content\/uploads\/2025\/09\/IMG-20250903-WA0081.jpg 1080w\" sizes=\"auto, (max-width: 1024px) 100vw, 1024px\" \/><figcaption class=\"wp-element-caption\">SUM INTERNATIONALE Kongo Central<\/figcaption><\/figure>\n\n\n\n<figure class=\"wp-block-image size-large\"><img  title=\"\" loading=\"lazy\" decoding=\"async\" width=\"1024\" height=\"683\" data-id=\"590\" src=\"http:\/\/localhost\/PROJET%20SUM\/wp-content\/uploads\/2025\/09\/IMG-20250903-WA0079-1024x683.jpg\"  alt=\"IMG-20250903-WA0079-1024x683 Rencontre entre M.BEN INDESTEGER membre du Conseil d&#039;Administration de UEA Belgique, Pr\u00e9sident SUM Internationale et Le Vice-Pr\u00e9sident de l&#039;Universit\u00e9 de Matadi, Thomas Mundele Kiakokua.\"  class=\"wp-image-590\" srcset=\"https:\/\/www.sum-internationale-rdc.org\/wp-content\/uploads\/2025\/09\/IMG-20250903-WA0079-1024x683.jpg 1024w, https:\/\/www.sum-internationale-rdc.org\/wp-content\/uploads\/2025\/09\/IMG-20250903-WA0079-300x200.jpg 300w, https:\/\/www.sum-internationale-rdc.org\/wp-content\/uploads\/2025\/09\/IMG-20250903-WA0079-768x512.jpg 768w, https:\/\/www.sum-internationale-rdc.org\/wp-content\/uploads\/2025\/09\/IMG-20250903-WA0079.jpg 1080w\" sizes=\"auto, (max-width: 1024px) 100vw, 1024px\" \/><figcaption class=\"wp-element-caption\">SUM INTERNATIONALE Kongo Central<\/figcaption><\/figure>\n\n\n\n<figure class=\"wp-block-image size-large\"><img  title=\"\" loading=\"lazy\" decoding=\"async\" width=\"1024\" height=\"683\" data-id=\"589\" src=\"http:\/\/localhost\/PROJET%20SUM\/wp-content\/uploads\/2025\/09\/IMG-20250903-WA0078-1024x683.jpg\"  alt=\"IMG-20250903-WA0078-1024x683 Rencontre entre M.BEN INDESTEGER membre du Conseil d&#039;Administration de UEA Belgique, Pr\u00e9sident SUM Internationale et Le Vice-Pr\u00e9sident de l&#039;Universit\u00e9 de Matadi, Thomas Mundele Kiakokua.\"  class=\"wp-image-589\" srcset=\"https:\/\/www.sum-internationale-rdc.org\/wp-content\/uploads\/2025\/09\/IMG-20250903-WA0078-1024x683.jpg 1024w, https:\/\/www.sum-internationale-rdc.org\/wp-content\/uploads\/2025\/09\/IMG-20250903-WA0078-300x200.jpg 300w, https:\/\/www.sum-internationale-rdc.org\/wp-content\/uploads\/2025\/09\/IMG-20250903-WA0078-768x512.jpg 768w, https:\/\/www.sum-internationale-rdc.org\/wp-content\/uploads\/2025\/09\/IMG-20250903-WA0078.jpg 1080w\" sizes=\"auto, (max-width: 1024px) 100vw, 1024px\" \/><figcaption class=\"wp-element-caption\">SUM INTERNATIONALE Kongo Central<\/figcaption><\/figure>\n\n\n\n<figure class=\"wp-block-image size-large\"><img  title=\"\" loading=\"lazy\" decoding=\"async\" width=\"1024\" height=\"683\" data-id=\"588\" src=\"http:\/\/localhost\/PROJET%20SUM\/wp-content\/uploads\/2025\/09\/IMG-20250903-WA0077-1024x683.jpg\"  alt=\"IMG-20250903-WA0077-1024x683 Rencontre entre M.BEN INDESTEGER membre du Conseil d&#039;Administration de UEA Belgique, Pr\u00e9sident SUM Internationale et Le Vice-Pr\u00e9sident de l&#039;Universit\u00e9 de Matadi, Thomas Mundele Kiakokua.\"  class=\"wp-image-588\" srcset=\"https:\/\/www.sum-internationale-rdc.org\/wp-content\/uploads\/2025\/09\/IMG-20250903-WA0077-1024x683.jpg 1024w, https:\/\/www.sum-internationale-rdc.org\/wp-content\/uploads\/2025\/09\/IMG-20250903-WA0077-300x200.jpg 300w, https:\/\/www.sum-internationale-rdc.org\/wp-content\/uploads\/2025\/09\/IMG-20250903-WA0077-768x512.jpg 768w, https:\/\/www.sum-internationale-rdc.org\/wp-content\/uploads\/2025\/09\/IMG-20250903-WA0077.jpg 1080w\" sizes=\"auto, (max-width: 1024px) 100vw, 1024px\" \/><figcaption class=\"wp-element-caption\">SUM INTERNATIONALE Kongo Central<\/figcaption><\/figure>\n\n\n\n<figure class=\"wp-block-image size-large\"><img  title=\"\" loading=\"lazy\" decoding=\"async\" width=\"1024\" height=\"683\" data-id=\"587\" src=\"http:\/\/localhost\/PROJET%20SUM\/wp-content\/uploads\/2025\/09\/IMG-20250903-WA0075-1024x683.jpg\"  alt=\"IMG-20250903-WA0075-1024x683 Rencontre entre M.BEN INDESTEGER membre du Conseil d&#039;Administration de UEA Belgique, Pr\u00e9sident SUM Internationale et Le Vice-Pr\u00e9sident de l&#039;Universit\u00e9 de Matadi, Thomas Mundele Kiakokua.\"  class=\"wp-image-587\" srcset=\"https:\/\/www.sum-internationale-rdc.org\/wp-content\/uploads\/2025\/09\/IMG-20250903-WA0075-1024x683.jpg 1024w, https:\/\/www.sum-internationale-rdc.org\/wp-content\/uploads\/2025\/09\/IMG-20250903-WA0075-300x200.jpg 300w, https:\/\/www.sum-internationale-rdc.org\/wp-content\/uploads\/2025\/09\/IMG-20250903-WA0075-768x512.jpg 768w, https:\/\/www.sum-internationale-rdc.org\/wp-content\/uploads\/2025\/09\/IMG-20250903-WA0075.jpg 1080w\" sizes=\"auto, (max-width: 1024px) 100vw, 1024px\" \/><figcaption class=\"wp-element-caption\">SUM INTERNATIONALE Kongo Central<\/figcaption><\/figure>\n\n\n\n<figure class=\"wp-block-image size-large\"><img  title=\"\" loading=\"lazy\" decoding=\"async\" width=\"1024\" height=\"683\" data-id=\"586\" src=\"http:\/\/localhost\/PROJET%20SUM\/wp-content\/uploads\/2025\/09\/IMG-20250903-WA0074-1024x683.jpg\"  alt=\"IMG-20250903-WA0074-1024x683 Rencontre entre M.BEN INDESTEGER membre du Conseil d&#039;Administration de UEA Belgique, Pr\u00e9sident SUM Internationale et Le Vice-Pr\u00e9sident de l&#039;Universit\u00e9 de Matadi, Thomas Mundele Kiakokua.\"  class=\"wp-image-586\" srcset=\"https:\/\/www.sum-internationale-rdc.org\/wp-content\/uploads\/2025\/09\/IMG-20250903-WA0074-1024x683.jpg 1024w, https:\/\/www.sum-internationale-rdc.org\/wp-content\/uploads\/2025\/09\/IMG-20250903-WA0074-300x200.jpg 300w, https:\/\/www.sum-internationale-rdc.org\/wp-content\/uploads\/2025\/09\/IMG-20250903-WA0074-768x512.jpg 768w, https:\/\/www.sum-internationale-rdc.org\/wp-content\/uploads\/2025\/09\/IMG-20250903-WA0074.jpg 1080w\" sizes=\"auto, (max-width: 1024px) 100vw, 1024px\" \/><figcaption class=\"wp-element-caption\">SUM INTERNATIONALE Kongo Central<\/figcaption><\/figure>\n<\/figure>\n","protected":false},"excerpt":{"rendered":"<p>La SUM Internationale repr\u00e9sent\u00e9e par son Pr\u00e9sident MBILU KALEMBA Anderson en sa qualit\u00e9 d&rsquo;une structure \u00e0 vocation nationale et internationale a jou\u00e9 un r\u00f4le de facilitateur et m\u00e9diateur sur le partenariat entre l&rsquo;Universit\u00e9 de Matadi (UNIMAT),repr\u00e9sent\u00e9 par son Vice-pr\u00e9sident THOMAS MUNDELE KIAKOKUA et Universala Esperanto-asocio (UEA) de la Hollande repr\u00e9sent\u00e9 par M.BEN INDESTEGER, membre du [&hellip;]<\/p>\n","protected":false},"author":1,"featured_media":592,"comment_status":"open","ping_status":"open","sticky":false,"template":"","format":"standard","meta":{"footnotes":""},"categories":[15],"tags":[],"class_list":["post-610","post","type-post","status-publish","format-standard","has-post-thumbnail","hentry","category-nouvelle-actualite"],"yoast_head":"<!-- This site is optimized with the Yoast SEO plugin v27.5 - https:\/\/yoast.com\/product\/yoast-seo-wordpress\/ -->\n<title>Rencontre entre M.BEN INDESTEGER membre du Conseil d&#039;Administration de UEA Belgique, Pr\u00e9sident SUM Internationale et Le Vice-Pr\u00e9sident de l&#039;Universit\u00e9 de Matadi, Thomas Mundele Kiakokua. - Solidarit\u00e9 Universelle dans le Monde<\/title>\n<meta name=\"robots\" content=\"index, follow, max-snippet:-1, max-image-preview:large, max-video-preview:-1\" \/>\n<link rel=\"canonical\" href=\"https:\/\/www.sum-internationale-rdc.org\/?p=610\" \/>\n<meta property=\"og:locale\" content=\"fr_FR\" \/>\n<meta property=\"og:type\" content=\"article\" \/>\n<meta property=\"og:title\" content=\"Rencontre entre M.BEN INDESTEGER membre du Conseil d&#039;Administration de UEA Belgique, Pr\u00e9sident SUM Internationale et Le Vice-Pr\u00e9sident de l&#039;Universit\u00e9 de Matadi, Thomas Mundele Kiakokua. - Solidarit\u00e9 Universelle dans le Monde\" \/>\n<meta property=\"og:description\" content=\"La SUM Internationale repr\u00e9sent\u00e9e par son Pr\u00e9sident MBILU KALEMBA Anderson en sa qualit\u00e9 d&rsquo;une structure \u00e0 vocation nationale et internationale a jou\u00e9 un r\u00f4le de facilitateur et m\u00e9diateur sur le partenariat entre l&rsquo;Universit\u00e9 de Matadi (UNIMAT),repr\u00e9sent\u00e9 par son Vice-pr\u00e9sident THOMAS MUNDELE KIAKOKUA et Universala Esperanto-asocio (UEA) de la Hollande repr\u00e9sent\u00e9 par M.BEN INDESTEGER, membre du [&hellip;]\" \/>\n<meta property=\"og:url\" content=\"https:\/\/www.sum-internationale-rdc.org\/?p=610\" \/>\n<meta property=\"og:site_name\" content=\"Solidarit\u00e9 Universelle dans le Monde\" \/>\n<meta property=\"article:publisher\" content=\"https:\/\/web.facebook.com\/people\/Solidarit-Universelle-dans-le-Monde-SUM\/61561887928109\/?rdid=4gDODy6RSZp48ASv&amp;share_url=httpsweb.facebook.comshare1KUWq8e7VN_rdc1_rdr\" \/>\n<meta property=\"article:published_time\" content=\"2025-09-08T14:10:52+00:00\" \/>\n<meta property=\"article:modified_time\" content=\"2025-09-08T14:15:15+00:00\" \/>\n<meta property=\"og:image\" content=\"https:\/\/www.sum-internationale-rdc.org\/wp-content\/uploads\/2025\/09\/IMG-20250903-WA0082.jpg\" \/>\n\t<meta property=\"og:image:width\" content=\"1080\" \/>\n\t<meta property=\"og:image:height\" content=\"720\" \/>\n\t<meta property=\"og:image:type\" content=\"image\/jpeg\" \/>\n<meta name=\"author\" content=\"JBSUMINTERNATIONAL\" \/>\n<meta name=\"twitter:card\" content=\"summary_large_image\" \/>\n<meta name=\"twitter:label1\" content=\"\u00c9crit par\" \/>\n\t<meta name=\"twitter:data1\" content=\"JBSUMINTERNATIONAL\" \/>\n\t<meta name=\"twitter:label2\" content=\"Dur\u00e9e de lecture estim\u00e9e\" \/>\n\t<meta name=\"twitter:data2\" content=\"2 minutes\" \/>\n<script type=\"application\/ld+json\" class=\"yoast-schema-graph\">{\"@context\":\"https:\\\/\\\/schema.org\",\"@graph\":[{\"@type\":\"Article\",\"@id\":\"https:\\\/\\\/www.sum-internationale-rdc.org\\\/?p=610#article\",\"isPartOf\":{\"@id\":\"https:\\\/\\\/www.sum-internationale-rdc.org\\\/?p=610\"},\"author\":{\"name\":\"JBSUMINTERNATIONAL\",\"@id\":\"https:\\\/\\\/www.sum-internationale-rdc.org\\\/#\\\/schema\\\/person\\\/2948cabcbf71c3a3af354db0f6c4fcb5\"},\"headline\":\"Rencontre entre M.BEN INDESTEGER membre du Conseil d&rsquo;Administration de UEA Belgique, Pr\u00e9sident SUM Internationale et Le Vice-Pr\u00e9sident de l&rsquo;Universit\u00e9 de Matadi, Thomas Mundele Kiakokua.\",\"datePublished\":\"2025-09-08T14:10:52+00:00\",\"dateModified\":\"2025-09-08T14:15:15+00:00\",\"mainEntityOfPage\":{\"@id\":\"https:\\\/\\\/www.sum-internationale-rdc.org\\\/?p=610\"},\"wordCount\":145,\"commentCount\":0,\"publisher\":{\"@id\":\"https:\\\/\\\/www.sum-internationale-rdc.org\\\/#organization\"},\"image\":{\"@id\":\"https:\\\/\\\/www.sum-internationale-rdc.org\\\/?p=610#primaryimage\"},\"thumbnailUrl\":\"https:\\\/\\\/www.sum-internationale-rdc.org\\\/wp-content\\\/uploads\\\/2025\\\/09\\\/IMG-20250903-WA0082.jpg\",\"articleSection\":[\"Nouvelle actualit\u00e9\"],\"inLanguage\":\"fr-FR\",\"potentialAction\":[{\"@type\":\"CommentAction\",\"name\":\"Comment\",\"target\":[\"https:\\\/\\\/www.sum-internationale-rdc.org\\\/?p=610#respond\"]}]},{\"@type\":\"WebPage\",\"@id\":\"https:\\\/\\\/www.sum-internationale-rdc.org\\\/?p=610\",\"url\":\"https:\\\/\\\/www.sum-internationale-rdc.org\\\/?p=610\",\"name\":\"Rencontre entre M.BEN INDESTEGER membre du Conseil d'Administration de UEA Belgique, Pr\u00e9sident SUM Internationale et Le Vice-Pr\u00e9sident de l'Universit\u00e9 de Matadi, Thomas Mundele Kiakokua. - Solidarit\u00e9 Universelle dans le Monde\",\"isPartOf\":{\"@id\":\"https:\\\/\\\/www.sum-internationale-rdc.org\\\/#website\"},\"primaryImageOfPage\":{\"@id\":\"https:\\\/\\\/www.sum-internationale-rdc.org\\\/?p=610#primaryimage\"},\"image\":{\"@id\":\"https:\\\/\\\/www.sum-internationale-rdc.org\\\/?p=610#primaryimage\"},\"thumbnailUrl\":\"https:\\\/\\\/www.sum-internationale-rdc.org\\\/wp-content\\\/uploads\\\/2025\\\/09\\\/IMG-20250903-WA0082.jpg\",\"datePublished\":\"2025-09-08T14:10:52+00:00\",\"dateModified\":\"2025-09-08T14:15:15+00:00\",\"breadcrumb\":{\"@id\":\"https:\\\/\\\/www.sum-internationale-rdc.org\\\/?p=610#breadcrumb\"},\"inLanguage\":\"fr-FR\",\"potentialAction\":[{\"@type\":\"ReadAction\",\"target\":[\"https:\\\/\\\/www.sum-internationale-rdc.org\\\/?p=610\"]}]},{\"@type\":\"ImageObject\",\"inLanguage\":\"fr-FR\",\"@id\":\"https:\\\/\\\/www.sum-internationale-rdc.org\\\/?p=610#primaryimage\",\"url\":\"https:\\\/\\\/www.sum-internationale-rdc.org\\\/wp-content\\\/uploads\\\/2025\\\/09\\\/IMG-20250903-WA0082.jpg\",\"contentUrl\":\"https:\\\/\\\/www.sum-internationale-rdc.org\\\/wp-content\\\/uploads\\\/2025\\\/09\\\/IMG-20250903-WA0082.jpg\",\"width\":1080,\"height\":720,\"caption\":\"SUM INTERNATIONALE Kongo Central\"},{\"@type\":\"BreadcrumbList\",\"@id\":\"https:\\\/\\\/www.sum-internationale-rdc.org\\\/?p=610#breadcrumb\",\"itemListElement\":[{\"@type\":\"ListItem\",\"position\":1,\"name\":\"Accueil\",\"item\":\"https:\\\/\\\/www.sum-internationale-rdc.org\\\/\"},{\"@type\":\"ListItem\",\"position\":2,\"name\":\"Rencontre entre M.BEN INDESTEGER membre du Conseil d&rsquo;Administration de UEA Belgique, Pr\u00e9sident SUM Internationale et Le Vice-Pr\u00e9sident de l&rsquo;Universit\u00e9 de Matadi, Thomas Mundele Kiakokua.\"}]},{\"@type\":\"WebSite\",\"@id\":\"https:\\\/\\\/www.sum-internationale-rdc.org\\\/#website\",\"url\":\"https:\\\/\\\/www.sum-internationale-rdc.org\\\/\",\"name\":\"Solidarit\u00e9 Universelle dans le Monde\",\"description\":\"Par nos actions, d\u00e9veloppons notre communaut\u00e9.\",\"publisher\":{\"@id\":\"https:\\\/\\\/www.sum-internationale-rdc.org\\\/#organization\"},\"potentialAction\":[{\"@type\":\"SearchAction\",\"target\":{\"@type\":\"EntryPoint\",\"urlTemplate\":\"https:\\\/\\\/www.sum-internationale-rdc.org\\\/?s={search_term_string}\"},\"query-input\":{\"@type\":\"PropertyValueSpecification\",\"valueRequired\":true,\"valueName\":\"search_term_string\"}}],\"inLanguage\":\"fr-FR\"},{\"@type\":\"Organization\",\"@id\":\"https:\\\/\\\/www.sum-internationale-rdc.org\\\/#organization\",\"name\":\"Solidarit\u00e9 Universelle dans le Monde\",\"url\":\"https:\\\/\\\/www.sum-internationale-rdc.org\\\/\",\"logo\":{\"@type\":\"ImageObject\",\"inLanguage\":\"fr-FR\",\"@id\":\"https:\\\/\\\/www.sum-internationale-rdc.org\\\/#\\\/schema\\\/logo\\\/image\\\/\",\"url\":\"https:\\\/\\\/www.sum-internationale-rdc.org\\\/wp-content\\\/uploads\\\/2024\\\/12\\\/cropped-IMG-20240701-WA0002.jpg\",\"contentUrl\":\"https:\\\/\\\/www.sum-internationale-rdc.org\\\/wp-content\\\/uploads\\\/2024\\\/12\\\/cropped-IMG-20240701-WA0002.jpg\",\"width\":712,\"height\":688,\"caption\":\"Solidarit\u00e9 Universelle dans le Monde\"},\"image\":{\"@id\":\"https:\\\/\\\/www.sum-internationale-rdc.org\\\/#\\\/schema\\\/logo\\\/image\\\/\"},\"sameAs\":[\"https:\\\/\\\/web.facebook.com\\\/people\\\/Solidarit-Universelle-dans-le-Monde-SUM\\\/61561887928109\\\/?rdid=4gDODy6RSZp48ASv&share_url=httpsweb.facebook.comshare1KUWq8e7VN_rdc1_rdr\"]},{\"@type\":\"Person\",\"@id\":\"https:\\\/\\\/www.sum-internationale-rdc.org\\\/#\\\/schema\\\/person\\\/2948cabcbf71c3a3af354db0f6c4fcb5\",\"name\":\"JBSUMINTERNATIONAL\",\"image\":{\"@type\":\"ImageObject\",\"inLanguage\":\"fr-FR\",\"@id\":\"https:\\\/\\\/secure.gravatar.com\\\/avatar\\\/354f7406b237e235e0628b368bc255219b5bcf3640bd41edcf4caa618bb9e0da?s=96&d=mm&r=g\",\"url\":\"https:\\\/\\\/secure.gravatar.com\\\/avatar\\\/354f7406b237e235e0628b368bc255219b5bcf3640bd41edcf4caa618bb9e0da?s=96&d=mm&r=g\",\"contentUrl\":\"https:\\\/\\\/secure.gravatar.com\\\/avatar\\\/354f7406b237e235e0628b368bc255219b5bcf3640bd41edcf4caa618bb9e0da?s=96&d=mm&r=g\",\"caption\":\"JBSUMINTERNATIONAL\"},\"sameAs\":[\"http:\\\/\\\/localhost\\\/PROJET%20SUM\"],\"url\":\"https:\\\/\\\/www.sum-internationale-rdc.org\\\/?author=1\"}]}<\/script>\n<!-- \/ Yoast SEO plugin. -->","yoast_head_json":{"title":"Rencontre entre M.BEN INDESTEGER membre du Conseil d'Administration de UEA Belgique, Pr\u00e9sident SUM Internationale et Le Vice-Pr\u00e9sident de l'Universit\u00e9 de Matadi, Thomas Mundele Kiakokua. - Solidarit\u00e9 Universelle dans le Monde","robots":{"index":"index","follow":"follow","max-snippet":"max-snippet:-1","max-image-preview":"max-image-preview:large","max-video-preview":"max-video-preview:-1"},"canonical":"https:\/\/www.sum-internationale-rdc.org\/?p=610","og_locale":"fr_FR","og_type":"article","og_title":"Rencontre entre M.BEN INDESTEGER membre du Conseil d'Administration de UEA Belgique, Pr\u00e9sident SUM Internationale et Le Vice-Pr\u00e9sident de l'Universit\u00e9 de Matadi, Thomas Mundele Kiakokua. - Solidarit\u00e9 Universelle dans le Monde","og_description":"La SUM Internationale repr\u00e9sent\u00e9e par son Pr\u00e9sident MBILU KALEMBA Anderson en sa qualit\u00e9 d&rsquo;une structure \u00e0 vocation nationale et internationale a jou\u00e9 un r\u00f4le de facilitateur et m\u00e9diateur sur le partenariat entre l&rsquo;Universit\u00e9 de Matadi (UNIMAT),repr\u00e9sent\u00e9 par son Vice-pr\u00e9sident THOMAS MUNDELE KIAKOKUA et Universala Esperanto-asocio (UEA) de la Hollande repr\u00e9sent\u00e9 par M.BEN INDESTEGER, membre du [&hellip;]","og_url":"https:\/\/www.sum-internationale-rdc.org\/?p=610","og_site_name":"Solidarit\u00e9 Universelle dans le Monde","article_publisher":"https:\/\/web.facebook.com\/people\/Solidarit-Universelle-dans-le-Monde-SUM\/61561887928109\/?rdid=4gDODy6RSZp48ASv&share_url=httpsweb.facebook.comshare1KUWq8e7VN_rdc1_rdr","article_published_time":"2025-09-08T14:10:52+00:00","article_modified_time":"2025-09-08T14:15:15+00:00","og_image":[{"width":1080,"height":720,"url":"https:\/\/www.sum-internationale-rdc.org\/wp-content\/uploads\/2025\/09\/IMG-20250903-WA0082.jpg","type":"image\/jpeg"}],"author":"JBSUMINTERNATIONAL","twitter_card":"summary_large_image","twitter_misc":{"\u00c9crit par":"JBSUMINTERNATIONAL","Dur\u00e9e de lecture estim\u00e9e":"2 minutes"},"schema":{"@context":"https:\/\/schema.org","@graph":[{"@type":"Article","@id":"https:\/\/www.sum-internationale-rdc.org\/?p=610#article","isPartOf":{"@id":"https:\/\/www.sum-internationale-rdc.org\/?p=610"},"author":{"name":"JBSUMINTERNATIONAL","@id":"https:\/\/www.sum-internationale-rdc.org\/#\/schema\/person\/2948cabcbf71c3a3af354db0f6c4fcb5"},"headline":"Rencontre entre M.BEN INDESTEGER membre du Conseil d&rsquo;Administration de UEA Belgique, Pr\u00e9sident SUM Internationale et Le Vice-Pr\u00e9sident de l&rsquo;Universit\u00e9 de Matadi, Thomas Mundele Kiakokua.","datePublished":"2025-09-08T14:10:52+00:00","dateModified":"2025-09-08T14:15:15+00:00","mainEntityOfPage":{"@id":"https:\/\/www.sum-internationale-rdc.org\/?p=610"},"wordCount":145,"commentCount":0,"publisher":{"@id":"https:\/\/www.sum-internationale-rdc.org\/#organization"},"image":{"@id":"https:\/\/www.sum-internationale-rdc.org\/?p=610#primaryimage"},"thumbnailUrl":"https:\/\/www.sum-internationale-rdc.org\/wp-content\/uploads\/2025\/09\/IMG-20250903-WA0082.jpg","articleSection":["Nouvelle actualit\u00e9"],"inLanguage":"fr-FR","potentialAction":[{"@type":"CommentAction","name":"Comment","target":["https:\/\/www.sum-internationale-rdc.org\/?p=610#respond"]}]},{"@type":"WebPage","@id":"https:\/\/www.sum-internationale-rdc.org\/?p=610","url":"https:\/\/www.sum-internationale-rdc.org\/?p=610","name":"Rencontre entre M.BEN INDESTEGER membre du Conseil d'Administration de UEA Belgique, Pr\u00e9sident SUM Internationale et Le Vice-Pr\u00e9sident de l'Universit\u00e9 de Matadi, Thomas Mundele Kiakokua. - Solidarit\u00e9 Universelle dans le Monde","isPartOf":{"@id":"https:\/\/www.sum-internationale-rdc.org\/#website"},"primaryImageOfPage":{"@id":"https:\/\/www.sum-internationale-rdc.org\/?p=610#primaryimage"},"image":{"@id":"https:\/\/www.sum-internationale-rdc.org\/?p=610#primaryimage"},"thumbnailUrl":"https:\/\/www.sum-internationale-rdc.org\/wp-content\/uploads\/2025\/09\/IMG-20250903-WA0082.jpg","datePublished":"2025-09-08T14:10:52+00:00","dateModified":"2025-09-08T14:15:15+00:00","breadcrumb":{"@id":"https:\/\/www.sum-internationale-rdc.org\/?p=610#breadcrumb"},"inLanguage":"fr-FR","potentialAction":[{"@type":"ReadAction","target":["https:\/\/www.sum-internationale-rdc.org\/?p=610"]}]},{"@type":"ImageObject","inLanguage":"fr-FR","@id":"https:\/\/www.sum-internationale-rdc.org\/?p=610#primaryimage","url":"https:\/\/www.sum-internationale-rdc.org\/wp-content\/uploads\/2025\/09\/IMG-20250903-WA0082.jpg","contentUrl":"https:\/\/www.sum-internationale-rdc.org\/wp-content\/uploads\/2025\/09\/IMG-20250903-WA0082.jpg","width":1080,"height":720,"caption":"SUM INTERNATIONALE Kongo Central"},{"@type":"BreadcrumbList","@id":"https:\/\/www.sum-internationale-rdc.org\/?p=610#breadcrumb","itemListElement":[{"@type":"ListItem","position":1,"name":"Accueil","item":"https:\/\/www.sum-internationale-rdc.org\/"},{"@type":"ListItem","position":2,"name":"Rencontre entre M.BEN INDESTEGER membre du Conseil d&rsquo;Administration de UEA Belgique, Pr\u00e9sident SUM Internationale et Le Vice-Pr\u00e9sident de l&rsquo;Universit\u00e9 de Matadi, Thomas Mundele Kiakokua."}]},{"@type":"WebSite","@id":"https:\/\/www.sum-internationale-rdc.org\/#website","url":"https:\/\/www.sum-internationale-rdc.org\/","name":"Solidarit\u00e9 Universelle dans le Monde","description":"Par nos actions, d\u00e9veloppons notre communaut\u00e9.","publisher":{"@id":"https:\/\/www.sum-internationale-rdc.org\/#organization"},"potentialAction":[{"@type":"SearchAction","target":{"@type":"EntryPoint","urlTemplate":"https:\/\/www.sum-internationale-rdc.org\/?s={search_term_string}"},"query-input":{"@type":"PropertyValueSpecification","valueRequired":true,"valueName":"search_term_string"}}],"inLanguage":"fr-FR"},{"@type":"Organization","@id":"https:\/\/www.sum-internationale-rdc.org\/#organization","name":"Solidarit\u00e9 Universelle dans le Monde","url":"https:\/\/www.sum-internationale-rdc.org\/","logo":{"@type":"ImageObject","inLanguage":"fr-FR","@id":"https:\/\/www.sum-internationale-rdc.org\/#\/schema\/logo\/image\/","url":"https:\/\/www.sum-internationale-rdc.org\/wp-content\/uploads\/2024\/12\/cropped-IMG-20240701-WA0002.jpg","contentUrl":"https:\/\/www.sum-internationale-rdc.org\/wp-content\/uploads\/2024\/12\/cropped-IMG-20240701-WA0002.jpg","width":712,"height":688,"caption":"Solidarit\u00e9 Universelle dans le Monde"},"image":{"@id":"https:\/\/www.sum-internationale-rdc.org\/#\/schema\/logo\/image\/"},"sameAs":["https:\/\/web.facebook.com\/people\/Solidarit-Universelle-dans-le-Monde-SUM\/61561887928109\/?rdid=4gDODy6RSZp48ASv&share_url=httpsweb.facebook.comshare1KUWq8e7VN_rdc1_rdr"]},{"@type":"Person","@id":"https:\/\/www.sum-internationale-rdc.org\/#\/schema\/person\/2948cabcbf71c3a3af354db0f6c4fcb5","name":"JBSUMINTERNATIONAL","image":{"@type":"ImageObject","inLanguage":"fr-FR","@id":"https:\/\/secure.gravatar.com\/avatar\/354f7406b237e235e0628b368bc255219b5bcf3640bd41edcf4caa618bb9e0da?s=96&d=mm&r=g","url":"https:\/\/secure.gravatar.com\/avatar\/354f7406b237e235e0628b368bc255219b5bcf3640bd41edcf4caa618bb9e0da?s=96&d=mm&r=g","contentUrl":"https:\/\/secure.gravatar.com\/avatar\/354f7406b237e235e0628b368bc255219b5bcf3640bd41edcf4caa618bb9e0da?s=96&d=mm&r=g","caption":"JBSUMINTERNATIONAL"},"sameAs":["http:\/\/localhost\/PROJET%20SUM"],"url":"https:\/\/www.sum-internationale-rdc.org\/?author=1"}]}},"_links":{"self":[{"href":"https:\/\/www.sum-internationale-rdc.org\/index.php?rest_route=\/wp\/v2\/posts\/610","targetHints":{"allow":["GET"]}}],"collection":[{"href":"https:\/\/www.sum-internationale-rdc.org\/index.php?rest_route=\/wp\/v2\/posts"}],"about":[{"href":"https:\/\/www.sum-internationale-rdc.org\/index.php?rest_route=\/wp\/v2\/types\/post"}],"author":[{"embeddable":true,"href":"https:\/\/www.sum-internationale-rdc.org\/index.php?rest_route=\/wp\/v2\/users\/1"}],"replies":[{"embeddable":true,"href":"https:\/\/www.sum-internationale-rdc.org\/index.php?rest_route=%2Fwp%2Fv2%2Fcomments&post=610"}],"version-history":[{"count":2,"href":"https:\/\/www.sum-internationale-rdc.org\/index.php?rest_route=\/wp\/v2\/posts\/610\/revisions"}],"predecessor-version":[{"id":613,"href":"https:\/\/www.sum-internationale-rdc.org\/index.php?rest_route=\/wp\/v2\/posts\/610\/revisions\/613"}],"wp:featuredmedia":[{"embeddable":true,"href":"https:\/\/www.sum-internationale-rdc.org\/index.php?rest_route=\/wp\/v2\/media\/592"}],"wp:attachment":[{"href":"https:\/\/www.sum-internationale-rdc.org\/index.php?rest_route=%2Fwp%2Fv2%2Fmedia&parent=610"}],"wp:term":[{"taxonomy":"category","embeddable":true,"href":"https:\/\/www.sum-internationale-rdc.org\/index.php?rest_route=%2Fwp%2Fv2%2Fcategories&post=610"},{"taxonomy":"post_tag","embeddable":true,"href":"https:\/\/www.sum-internationale-rdc.org\/index.php?rest_route=%2Fwp%2Fv2%2Ftags&post=610"}],"curies":[{"name":"wp","href":"https:\/\/api.w.org\/{rel}","templated":true}]}}