{"id":574,"date":"2025-08-03T07:54:31","date_gmt":"2025-08-03T05:54:31","guid":{"rendered":"http:\/\/localhost\/PROJET%20SUM\/?p=574"},"modified":"2025-08-03T07:54:34","modified_gmt":"2025-08-03T05:54:34","slug":"le-president-anderson-kalemba-a-pris-part-a-la-ceremonie-de-cloture-des-activites-du-projet-transforme-relative-a-la-formation-fope-fip-dans-la-ville-de-matadi","status":"publish","type":"post","link":"https:\/\/www.sum-internationale-rdc.org\/?p=574","title":{"rendered":"Le Pr\u00e9sident Anderson KALEMBA a pris part \u00e0 la c\u00e9r\u00e9monie de cl\u00f4ture des activit\u00e9s du Projet TRANSFORME relative \u00e0 la formation FOPE\/FIP dans la ville de Matadi."},"content":{"rendered":"\n<p><em>C\u00e9r\u00e9monie de cl\u00f4ture des activit\u00e9s du Projet TRANSFORME relative \u00e0 la formation FOPE\/FIP, \u00e9dition 2025 pour la ville de Matadi.<\/em><\/p>\n\n\n\n<figure class=\"wp-block-gallery has-nested-images columns-default is-cropped wp-block-gallery-1 is-layout-flex wp-block-gallery-is-layout-flex\">\n<figure class=\"wp-block-image size-large\"><img  title=\"\" loading=\"lazy\" decoding=\"async\" width=\"1024\" height=\"623\" data-id=\"549\" src=\"http:\/\/localhost\/PROJET%20SUM\/wp-content\/uploads\/2025\/08\/IMG-20250810-WA0013-1024x623.jpg\"  alt=\"IMG-20250810-WA0013-1024x623 Le Pr\u00e9sident Anderson KALEMBA a pris part \u00e0 la c\u00e9r\u00e9monie de cl\u00f4ture des activit\u00e9s du Projet TRANSFORME relative \u00e0 la formation FOPE\/FIP dans la ville de Matadi.\"  class=\"wp-image-549\" srcset=\"https:\/\/www.sum-internationale-rdc.org\/wp-content\/uploads\/2025\/08\/IMG-20250810-WA0013-1024x623.jpg 1024w, https:\/\/www.sum-internationale-rdc.org\/wp-content\/uploads\/2025\/08\/IMG-20250810-WA0013-300x183.jpg 300w, https:\/\/www.sum-internationale-rdc.org\/wp-content\/uploads\/2025\/08\/IMG-20250810-WA0013-768x467.jpg 768w, https:\/\/www.sum-internationale-rdc.org\/wp-content\/uploads\/2025\/08\/IMG-20250810-WA0013.jpg 1080w\" sizes=\"auto, (max-width: 1024px) 100vw, 1024px\" \/><\/figure>\n\n\n\n<figure class=\"wp-block-image size-large\"><img  title=\"\" loading=\"lazy\" decoding=\"async\" width=\"683\" height=\"1024\" data-id=\"550\" src=\"http:\/\/localhost\/PROJET%20SUM\/wp-content\/uploads\/2025\/08\/IMG-20250810-WA0014-683x1024.jpg\"  alt=\"IMG-20250810-WA0014-683x1024 Le Pr\u00e9sident Anderson KALEMBA a pris part \u00e0 la c\u00e9r\u00e9monie de cl\u00f4ture des activit\u00e9s du Projet TRANSFORME relative \u00e0 la formation FOPE\/FIP dans la ville de Matadi.\"  class=\"wp-image-550\" srcset=\"https:\/\/www.sum-internationale-rdc.org\/wp-content\/uploads\/2025\/08\/IMG-20250810-WA0014-683x1024.jpg 683w, https:\/\/www.sum-internationale-rdc.org\/wp-content\/uploads\/2025\/08\/IMG-20250810-WA0014-200x300.jpg 200w, https:\/\/www.sum-internationale-rdc.org\/wp-content\/uploads\/2025\/08\/IMG-20250810-WA0014.jpg 720w\" sizes=\"auto, (max-width: 683px) 100vw, 683px\" \/><\/figure>\n\n\n\n<figure class=\"wp-block-image size-large\"><img  title=\"\" loading=\"lazy\" decoding=\"async\" width=\"683\" height=\"1024\" data-id=\"551\" src=\"http:\/\/localhost\/PROJET%20SUM\/wp-content\/uploads\/2025\/08\/IMG-20250810-WA0015-683x1024.jpg\"  alt=\"IMG-20250810-WA0015-683x1024 Le Pr\u00e9sident Anderson KALEMBA a pris part \u00e0 la c\u00e9r\u00e9monie de cl\u00f4ture des activit\u00e9s du Projet TRANSFORME relative \u00e0 la formation FOPE\/FIP dans la ville de Matadi.\"  class=\"wp-image-551\" srcset=\"https:\/\/www.sum-internationale-rdc.org\/wp-content\/uploads\/2025\/08\/IMG-20250810-WA0015-683x1024.jpg 683w, https:\/\/www.sum-internationale-rdc.org\/wp-content\/uploads\/2025\/08\/IMG-20250810-WA0015-200x300.jpg 200w, https:\/\/www.sum-internationale-rdc.org\/wp-content\/uploads\/2025\/08\/IMG-20250810-WA0015.jpg 720w\" sizes=\"auto, (max-width: 683px) 100vw, 683px\" \/><\/figure>\n\n\n\n<figure class=\"wp-block-image size-large\"><img  title=\"\" loading=\"lazy\" decoding=\"async\" width=\"1024\" height=\"683\" data-id=\"553\" src=\"http:\/\/localhost\/PROJET%20SUM\/wp-content\/uploads\/2025\/08\/IMG-20250810-WA0017-1024x683.jpg\"  alt=\"IMG-20250810-WA0017-1024x683 Le Pr\u00e9sident Anderson KALEMBA a pris part \u00e0 la c\u00e9r\u00e9monie de cl\u00f4ture des activit\u00e9s du Projet TRANSFORME relative \u00e0 la formation FOPE\/FIP dans la ville de Matadi.\"  class=\"wp-image-553\" srcset=\"https:\/\/www.sum-internationale-rdc.org\/wp-content\/uploads\/2025\/08\/IMG-20250810-WA0017-1024x683.jpg 1024w, https:\/\/www.sum-internationale-rdc.org\/wp-content\/uploads\/2025\/08\/IMG-20250810-WA0017-300x200.jpg 300w, https:\/\/www.sum-internationale-rdc.org\/wp-content\/uploads\/2025\/08\/IMG-20250810-WA0017-768x512.jpg 768w, https:\/\/www.sum-internationale-rdc.org\/wp-content\/uploads\/2025\/08\/IMG-20250810-WA0017.jpg 1080w\" sizes=\"auto, (max-width: 1024px) 100vw, 1024px\" \/><\/figure>\n\n\n\n<figure class=\"wp-block-image size-large\"><img  title=\"\" loading=\"lazy\" decoding=\"async\" width=\"683\" height=\"1024\" data-id=\"552\" src=\"http:\/\/localhost\/PROJET%20SUM\/wp-content\/uploads\/2025\/08\/IMG-20250810-WA0016-683x1024.jpg\"  alt=\"IMG-20250810-WA0016-683x1024 Le Pr\u00e9sident Anderson KALEMBA a pris part \u00e0 la c\u00e9r\u00e9monie de cl\u00f4ture des activit\u00e9s du Projet TRANSFORME relative \u00e0 la formation FOPE\/FIP dans la ville de Matadi.\"  class=\"wp-image-552\" srcset=\"https:\/\/www.sum-internationale-rdc.org\/wp-content\/uploads\/2025\/08\/IMG-20250810-WA0016-683x1024.jpg 683w, https:\/\/www.sum-internationale-rdc.org\/wp-content\/uploads\/2025\/08\/IMG-20250810-WA0016-200x300.jpg 200w, https:\/\/www.sum-internationale-rdc.org\/wp-content\/uploads\/2025\/08\/IMG-20250810-WA0016.jpg 720w\" sizes=\"auto, (max-width: 683px) 100vw, 683px\" \/><\/figure>\n<\/figure>\n","protected":false},"excerpt":{"rendered":"<p>C\u00e9r\u00e9monie de cl\u00f4ture des activit\u00e9s du Projet TRANSFORME relative \u00e0 la formation FOPE\/FIP, \u00e9dition 2025 pour la ville de Matadi.<\/p>\n","protected":false},"author":1,"featured_media":549,"comment_status":"open","ping_status":"open","sticky":false,"template":"","format":"standard","meta":{"footnotes":""},"categories":[7],"tags":[],"class_list":["post-574","post","type-post","status-publish","format-standard","has-post-thumbnail","hentry","category-formation-entrepreneuriale"],"yoast_head":"<!-- This site is optimized with the Yoast SEO plugin v27.5 - https:\/\/yoast.com\/product\/yoast-seo-wordpress\/ -->\n<title>Le Pr\u00e9sident Anderson KALEMBA a pris part \u00e0 la c\u00e9r\u00e9monie de cl\u00f4ture des activit\u00e9s du Projet TRANSFORME relative \u00e0 la formation FOPE\/FIP dans la ville de Matadi. - Solidarit\u00e9 Universelle dans le Monde<\/title>\n<meta name=\"robots\" content=\"index, follow, max-snippet:-1, max-image-preview:large, max-video-preview:-1\" \/>\n<link rel=\"canonical\" href=\"https:\/\/www.sum-internationale-rdc.org\/?p=574\" \/>\n<meta property=\"og:locale\" content=\"fr_FR\" \/>\n<meta property=\"og:type\" content=\"article\" \/>\n<meta property=\"og:title\" content=\"Le Pr\u00e9sident Anderson KALEMBA a pris part \u00e0 la c\u00e9r\u00e9monie de cl\u00f4ture des activit\u00e9s du Projet TRANSFORME relative \u00e0 la formation FOPE\/FIP dans la ville de Matadi. - Solidarit\u00e9 Universelle dans le Monde\" \/>\n<meta property=\"og:description\" content=\"C\u00e9r\u00e9monie de cl\u00f4ture des activit\u00e9s du Projet TRANSFORME relative \u00e0 la formation FOPE\/FIP, \u00e9dition 2025 pour la ville de Matadi.\" \/>\n<meta property=\"og:url\" content=\"https:\/\/www.sum-internationale-rdc.org\/?p=574\" \/>\n<meta property=\"og:site_name\" content=\"Solidarit\u00e9 Universelle dans le Monde\" \/>\n<meta property=\"article:publisher\" content=\"https:\/\/web.facebook.com\/people\/Solidarit-Universelle-dans-le-Monde-SUM\/61561887928109\/?rdid=4gDODy6RSZp48ASv&amp;share_url=httpsweb.facebook.comshare1KUWq8e7VN_rdc1_rdr\" \/>\n<meta property=\"article:published_time\" content=\"2025-08-03T05:54:31+00:00\" \/>\n<meta property=\"article:modified_time\" content=\"2025-08-03T05:54:34+00:00\" \/>\n<meta property=\"og:image\" content=\"https:\/\/www.sum-internationale-rdc.org\/wp-content\/uploads\/2025\/08\/IMG-20250810-WA0013.jpg\" \/>\n\t<meta property=\"og:image:width\" content=\"1080\" \/>\n\t<meta property=\"og:image:height\" content=\"657\" \/>\n\t<meta property=\"og:image:type\" content=\"image\/jpeg\" \/>\n<meta name=\"author\" content=\"JBSUMINTERNATIONAL\" \/>\n<meta name=\"twitter:card\" content=\"summary_large_image\" \/>\n<meta name=\"twitter:label1\" content=\"\u00c9crit par\" \/>\n\t<meta name=\"twitter:data1\" content=\"JBSUMINTERNATIONAL\" \/>\n\t<meta name=\"twitter:label2\" content=\"Dur\u00e9e de lecture estim\u00e9e\" \/>\n\t<meta name=\"twitter:data2\" content=\"2 minutes\" \/>\n<script type=\"application\/ld+json\" class=\"yoast-schema-graph\">{\"@context\":\"https:\\\/\\\/schema.org\",\"@graph\":[{\"@type\":\"Article\",\"@id\":\"https:\\\/\\\/www.sum-internationale-rdc.org\\\/?p=574#article\",\"isPartOf\":{\"@id\":\"https:\\\/\\\/www.sum-internationale-rdc.org\\\/?p=574\"},\"author\":{\"name\":\"JBSUMINTERNATIONAL\",\"@id\":\"https:\\\/\\\/www.sum-internationale-rdc.org\\\/#\\\/schema\\\/person\\\/2948cabcbf71c3a3af354db0f6c4fcb5\"},\"headline\":\"Le Pr\u00e9sident Anderson KALEMBA a pris part \u00e0 la c\u00e9r\u00e9monie de cl\u00f4ture des activit\u00e9s du Projet TRANSFORME relative \u00e0 la formation FOPE\\\/FIP dans la ville de Matadi.\",\"datePublished\":\"2025-08-03T05:54:31+00:00\",\"dateModified\":\"2025-08-03T05:54:34+00:00\",\"mainEntityOfPage\":{\"@id\":\"https:\\\/\\\/www.sum-internationale-rdc.org\\\/?p=574\"},\"wordCount\":54,\"commentCount\":0,\"publisher\":{\"@id\":\"https:\\\/\\\/www.sum-internationale-rdc.org\\\/#organization\"},\"image\":{\"@id\":\"https:\\\/\\\/www.sum-internationale-rdc.org\\\/?p=574#primaryimage\"},\"thumbnailUrl\":\"https:\\\/\\\/www.sum-internationale-rdc.org\\\/wp-content\\\/uploads\\\/2025\\\/08\\\/IMG-20250810-WA0013.jpg\",\"articleSection\":[\"Formation entrepreneuriale\"],\"inLanguage\":\"fr-FR\",\"potentialAction\":[{\"@type\":\"CommentAction\",\"name\":\"Comment\",\"target\":[\"https:\\\/\\\/www.sum-internationale-rdc.org\\\/?p=574#respond\"]}]},{\"@type\":\"WebPage\",\"@id\":\"https:\\\/\\\/www.sum-internationale-rdc.org\\\/?p=574\",\"url\":\"https:\\\/\\\/www.sum-internationale-rdc.org\\\/?p=574\",\"name\":\"Le Pr\u00e9sident Anderson KALEMBA a pris part \u00e0 la c\u00e9r\u00e9monie de cl\u00f4ture des activit\u00e9s du Projet TRANSFORME relative \u00e0 la formation FOPE\\\/FIP dans la ville de Matadi. - Solidarit\u00e9 Universelle dans le Monde\",\"isPartOf\":{\"@id\":\"https:\\\/\\\/www.sum-internationale-rdc.org\\\/#website\"},\"primaryImageOfPage\":{\"@id\":\"https:\\\/\\\/www.sum-internationale-rdc.org\\\/?p=574#primaryimage\"},\"image\":{\"@id\":\"https:\\\/\\\/www.sum-internationale-rdc.org\\\/?p=574#primaryimage\"},\"thumbnailUrl\":\"https:\\\/\\\/www.sum-internationale-rdc.org\\\/wp-content\\\/uploads\\\/2025\\\/08\\\/IMG-20250810-WA0013.jpg\",\"datePublished\":\"2025-08-03T05:54:31+00:00\",\"dateModified\":\"2025-08-03T05:54:34+00:00\",\"breadcrumb\":{\"@id\":\"https:\\\/\\\/www.sum-internationale-rdc.org\\\/?p=574#breadcrumb\"},\"inLanguage\":\"fr-FR\",\"potentialAction\":[{\"@type\":\"ReadAction\",\"target\":[\"https:\\\/\\\/www.sum-internationale-rdc.org\\\/?p=574\"]}]},{\"@type\":\"ImageObject\",\"inLanguage\":\"fr-FR\",\"@id\":\"https:\\\/\\\/www.sum-internationale-rdc.org\\\/?p=574#primaryimage\",\"url\":\"https:\\\/\\\/www.sum-internationale-rdc.org\\\/wp-content\\\/uploads\\\/2025\\\/08\\\/IMG-20250810-WA0013.jpg\",\"contentUrl\":\"https:\\\/\\\/www.sum-internationale-rdc.org\\\/wp-content\\\/uploads\\\/2025\\\/08\\\/IMG-20250810-WA0013.jpg\",\"width\":1080,\"height\":657},{\"@type\":\"BreadcrumbList\",\"@id\":\"https:\\\/\\\/www.sum-internationale-rdc.org\\\/?p=574#breadcrumb\",\"itemListElement\":[{\"@type\":\"ListItem\",\"position\":1,\"name\":\"Accueil\",\"item\":\"https:\\\/\\\/www.sum-internationale-rdc.org\\\/\"},{\"@type\":\"ListItem\",\"position\":2,\"name\":\"Le Pr\u00e9sident Anderson KALEMBA a pris part \u00e0 la c\u00e9r\u00e9monie de cl\u00f4ture des activit\u00e9s du Projet TRANSFORME relative \u00e0 la formation FOPE\\\/FIP dans la ville de Matadi.\"}]},{\"@type\":\"WebSite\",\"@id\":\"https:\\\/\\\/www.sum-internationale-rdc.org\\\/#website\",\"url\":\"https:\\\/\\\/www.sum-internationale-rdc.org\\\/\",\"name\":\"Solidarit\u00e9 Universelle dans le Monde\",\"description\":\"Par nos actions, d\u00e9veloppons notre communaut\u00e9.\",\"publisher\":{\"@id\":\"https:\\\/\\\/www.sum-internationale-rdc.org\\\/#organization\"},\"potentialAction\":[{\"@type\":\"SearchAction\",\"target\":{\"@type\":\"EntryPoint\",\"urlTemplate\":\"https:\\\/\\\/www.sum-internationale-rdc.org\\\/?s={search_term_string}\"},\"query-input\":{\"@type\":\"PropertyValueSpecification\",\"valueRequired\":true,\"valueName\":\"search_term_string\"}}],\"inLanguage\":\"fr-FR\"},{\"@type\":\"Organization\",\"@id\":\"https:\\\/\\\/www.sum-internationale-rdc.org\\\/#organization\",\"name\":\"Solidarit\u00e9 Universelle dans le Monde\",\"url\":\"https:\\\/\\\/www.sum-internationale-rdc.org\\\/\",\"logo\":{\"@type\":\"ImageObject\",\"inLanguage\":\"fr-FR\",\"@id\":\"https:\\\/\\\/www.sum-internationale-rdc.org\\\/#\\\/schema\\\/logo\\\/image\\\/\",\"url\":\"https:\\\/\\\/www.sum-internationale-rdc.org\\\/wp-content\\\/uploads\\\/2024\\\/12\\\/cropped-IMG-20240701-WA0002.jpg\",\"contentUrl\":\"https:\\\/\\\/www.sum-internationale-rdc.org\\\/wp-content\\\/uploads\\\/2024\\\/12\\\/cropped-IMG-20240701-WA0002.jpg\",\"width\":712,\"height\":688,\"caption\":\"Solidarit\u00e9 Universelle dans le Monde\"},\"image\":{\"@id\":\"https:\\\/\\\/www.sum-internationale-rdc.org\\\/#\\\/schema\\\/logo\\\/image\\\/\"},\"sameAs\":[\"https:\\\/\\\/web.facebook.com\\\/people\\\/Solidarit-Universelle-dans-le-Monde-SUM\\\/61561887928109\\\/?rdid=4gDODy6RSZp48ASv&share_url=httpsweb.facebook.comshare1KUWq8e7VN_rdc1_rdr\"]},{\"@type\":\"Person\",\"@id\":\"https:\\\/\\\/www.sum-internationale-rdc.org\\\/#\\\/schema\\\/person\\\/2948cabcbf71c3a3af354db0f6c4fcb5\",\"name\":\"JBSUMINTERNATIONAL\",\"image\":{\"@type\":\"ImageObject\",\"inLanguage\":\"fr-FR\",\"@id\":\"https:\\\/\\\/secure.gravatar.com\\\/avatar\\\/354f7406b237e235e0628b368bc255219b5bcf3640bd41edcf4caa618bb9e0da?s=96&d=mm&r=g\",\"url\":\"https:\\\/\\\/secure.gravatar.com\\\/avatar\\\/354f7406b237e235e0628b368bc255219b5bcf3640bd41edcf4caa618bb9e0da?s=96&d=mm&r=g\",\"contentUrl\":\"https:\\\/\\\/secure.gravatar.com\\\/avatar\\\/354f7406b237e235e0628b368bc255219b5bcf3640bd41edcf4caa618bb9e0da?s=96&d=mm&r=g\",\"caption\":\"JBSUMINTERNATIONAL\"},\"sameAs\":[\"http:\\\/\\\/localhost\\\/PROJET%20SUM\"],\"url\":\"https:\\\/\\\/www.sum-internationale-rdc.org\\\/?author=1\"}]}<\/script>\n<!-- \/ Yoast SEO plugin. -->","yoast_head_json":{"title":"Le Pr\u00e9sident Anderson KALEMBA a pris part \u00e0 la c\u00e9r\u00e9monie de cl\u00f4ture des activit\u00e9s du Projet TRANSFORME relative \u00e0 la formation FOPE\/FIP dans la ville de Matadi. - Solidarit\u00e9 Universelle dans le Monde","robots":{"index":"index","follow":"follow","max-snippet":"max-snippet:-1","max-image-preview":"max-image-preview:large","max-video-preview":"max-video-preview:-1"},"canonical":"https:\/\/www.sum-internationale-rdc.org\/?p=574","og_locale":"fr_FR","og_type":"article","og_title":"Le Pr\u00e9sident Anderson KALEMBA a pris part \u00e0 la c\u00e9r\u00e9monie de cl\u00f4ture des activit\u00e9s du Projet TRANSFORME relative \u00e0 la formation FOPE\/FIP dans la ville de Matadi. - Solidarit\u00e9 Universelle dans le Monde","og_description":"C\u00e9r\u00e9monie de cl\u00f4ture des activit\u00e9s du Projet TRANSFORME relative \u00e0 la formation FOPE\/FIP, \u00e9dition 2025 pour la ville de Matadi.","og_url":"https:\/\/www.sum-internationale-rdc.org\/?p=574","og_site_name":"Solidarit\u00e9 Universelle dans le Monde","article_publisher":"https:\/\/web.facebook.com\/people\/Solidarit-Universelle-dans-le-Monde-SUM\/61561887928109\/?rdid=4gDODy6RSZp48ASv&share_url=httpsweb.facebook.comshare1KUWq8e7VN_rdc1_rdr","article_published_time":"2025-08-03T05:54:31+00:00","article_modified_time":"2025-08-03T05:54:34+00:00","og_image":[{"width":1080,"height":657,"url":"https:\/\/www.sum-internationale-rdc.org\/wp-content\/uploads\/2025\/08\/IMG-20250810-WA0013.jpg","type":"image\/jpeg"}],"author":"JBSUMINTERNATIONAL","twitter_card":"summary_large_image","twitter_misc":{"\u00c9crit par":"JBSUMINTERNATIONAL","Dur\u00e9e de lecture estim\u00e9e":"2 minutes"},"schema":{"@context":"https:\/\/schema.org","@graph":[{"@type":"Article","@id":"https:\/\/www.sum-internationale-rdc.org\/?p=574#article","isPartOf":{"@id":"https:\/\/www.sum-internationale-rdc.org\/?p=574"},"author":{"name":"JBSUMINTERNATIONAL","@id":"https:\/\/www.sum-internationale-rdc.org\/#\/schema\/person\/2948cabcbf71c3a3af354db0f6c4fcb5"},"headline":"Le Pr\u00e9sident Anderson KALEMBA a pris part \u00e0 la c\u00e9r\u00e9monie de cl\u00f4ture des activit\u00e9s du Projet TRANSFORME relative \u00e0 la formation FOPE\/FIP dans la ville de Matadi.","datePublished":"2025-08-03T05:54:31+00:00","dateModified":"2025-08-03T05:54:34+00:00","mainEntityOfPage":{"@id":"https:\/\/www.sum-internationale-rdc.org\/?p=574"},"wordCount":54,"commentCount":0,"publisher":{"@id":"https:\/\/www.sum-internationale-rdc.org\/#organization"},"image":{"@id":"https:\/\/www.sum-internationale-rdc.org\/?p=574#primaryimage"},"thumbnailUrl":"https:\/\/www.sum-internationale-rdc.org\/wp-content\/uploads\/2025\/08\/IMG-20250810-WA0013.jpg","articleSection":["Formation entrepreneuriale"],"inLanguage":"fr-FR","potentialAction":[{"@type":"CommentAction","name":"Comment","target":["https:\/\/www.sum-internationale-rdc.org\/?p=574#respond"]}]},{"@type":"WebPage","@id":"https:\/\/www.sum-internationale-rdc.org\/?p=574","url":"https:\/\/www.sum-internationale-rdc.org\/?p=574","name":"Le Pr\u00e9sident Anderson KALEMBA a pris part \u00e0 la c\u00e9r\u00e9monie de cl\u00f4ture des activit\u00e9s du Projet TRANSFORME relative \u00e0 la formation FOPE\/FIP dans la ville de Matadi. - Solidarit\u00e9 Universelle dans le Monde","isPartOf":{"@id":"https:\/\/www.sum-internationale-rdc.org\/#website"},"primaryImageOfPage":{"@id":"https:\/\/www.sum-internationale-rdc.org\/?p=574#primaryimage"},"image":{"@id":"https:\/\/www.sum-internationale-rdc.org\/?p=574#primaryimage"},"thumbnailUrl":"https:\/\/www.sum-internationale-rdc.org\/wp-content\/uploads\/2025\/08\/IMG-20250810-WA0013.jpg","datePublished":"2025-08-03T05:54:31+00:00","dateModified":"2025-08-03T05:54:34+00:00","breadcrumb":{"@id":"https:\/\/www.sum-internationale-rdc.org\/?p=574#breadcrumb"},"inLanguage":"fr-FR","potentialAction":[{"@type":"ReadAction","target":["https:\/\/www.sum-internationale-rdc.org\/?p=574"]}]},{"@type":"ImageObject","inLanguage":"fr-FR","@id":"https:\/\/www.sum-internationale-rdc.org\/?p=574#primaryimage","url":"https:\/\/www.sum-internationale-rdc.org\/wp-content\/uploads\/2025\/08\/IMG-20250810-WA0013.jpg","contentUrl":"https:\/\/www.sum-internationale-rdc.org\/wp-content\/uploads\/2025\/08\/IMG-20250810-WA0013.jpg","width":1080,"height":657},{"@type":"BreadcrumbList","@id":"https:\/\/www.sum-internationale-rdc.org\/?p=574#breadcrumb","itemListElement":[{"@type":"ListItem","position":1,"name":"Accueil","item":"https:\/\/www.sum-internationale-rdc.org\/"},{"@type":"ListItem","position":2,"name":"Le Pr\u00e9sident Anderson KALEMBA a pris part \u00e0 la c\u00e9r\u00e9monie de cl\u00f4ture des activit\u00e9s du Projet TRANSFORME relative \u00e0 la formation FOPE\/FIP dans la ville de Matadi."}]},{"@type":"WebSite","@id":"https:\/\/www.sum-internationale-rdc.org\/#website","url":"https:\/\/www.sum-internationale-rdc.org\/","name":"Solidarit\u00e9 Universelle dans le Monde","description":"Par nos actions, d\u00e9veloppons notre communaut\u00e9.","publisher":{"@id":"https:\/\/www.sum-internationale-rdc.org\/#organization"},"potentialAction":[{"@type":"SearchAction","target":{"@type":"EntryPoint","urlTemplate":"https:\/\/www.sum-internationale-rdc.org\/?s={search_term_string}"},"query-input":{"@type":"PropertyValueSpecification","valueRequired":true,"valueName":"search_term_string"}}],"inLanguage":"fr-FR"},{"@type":"Organization","@id":"https:\/\/www.sum-internationale-rdc.org\/#organization","name":"Solidarit\u00e9 Universelle dans le Monde","url":"https:\/\/www.sum-internationale-rdc.org\/","logo":{"@type":"ImageObject","inLanguage":"fr-FR","@id":"https:\/\/www.sum-internationale-rdc.org\/#\/schema\/logo\/image\/","url":"https:\/\/www.sum-internationale-rdc.org\/wp-content\/uploads\/2024\/12\/cropped-IMG-20240701-WA0002.jpg","contentUrl":"https:\/\/www.sum-internationale-rdc.org\/wp-content\/uploads\/2024\/12\/cropped-IMG-20240701-WA0002.jpg","width":712,"height":688,"caption":"Solidarit\u00e9 Universelle dans le Monde"},"image":{"@id":"https:\/\/www.sum-internationale-rdc.org\/#\/schema\/logo\/image\/"},"sameAs":["https:\/\/web.facebook.com\/people\/Solidarit-Universelle-dans-le-Monde-SUM\/61561887928109\/?rdid=4gDODy6RSZp48ASv&share_url=httpsweb.facebook.comshare1KUWq8e7VN_rdc1_rdr"]},{"@type":"Person","@id":"https:\/\/www.sum-internationale-rdc.org\/#\/schema\/person\/2948cabcbf71c3a3af354db0f6c4fcb5","name":"JBSUMINTERNATIONAL","image":{"@type":"ImageObject","inLanguage":"fr-FR","@id":"https:\/\/secure.gravatar.com\/avatar\/354f7406b237e235e0628b368bc255219b5bcf3640bd41edcf4caa618bb9e0da?s=96&d=mm&r=g","url":"https:\/\/secure.gravatar.com\/avatar\/354f7406b237e235e0628b368bc255219b5bcf3640bd41edcf4caa618bb9e0da?s=96&d=mm&r=g","contentUrl":"https:\/\/secure.gravatar.com\/avatar\/354f7406b237e235e0628b368bc255219b5bcf3640bd41edcf4caa618bb9e0da?s=96&d=mm&r=g","caption":"JBSUMINTERNATIONAL"},"sameAs":["http:\/\/localhost\/PROJET%20SUM"],"url":"https:\/\/www.sum-internationale-rdc.org\/?author=1"}]}},"_links":{"self":[{"href":"https:\/\/www.sum-internationale-rdc.org\/index.php?rest_route=\/wp\/v2\/posts\/574","targetHints":{"allow":["GET"]}}],"collection":[{"href":"https:\/\/www.sum-internationale-rdc.org\/index.php?rest_route=\/wp\/v2\/posts"}],"about":[{"href":"https:\/\/www.sum-internationale-rdc.org\/index.php?rest_route=\/wp\/v2\/types\/post"}],"author":[{"embeddable":true,"href":"https:\/\/www.sum-internationale-rdc.org\/index.php?rest_route=\/wp\/v2\/users\/1"}],"replies":[{"embeddable":true,"href":"https:\/\/www.sum-internationale-rdc.org\/index.php?rest_route=%2Fwp%2Fv2%2Fcomments&post=574"}],"version-history":[{"count":1,"href":"https:\/\/www.sum-internationale-rdc.org\/index.php?rest_route=\/wp\/v2\/posts\/574\/revisions"}],"predecessor-version":[{"id":575,"href":"https:\/\/www.sum-internationale-rdc.org\/index.php?rest_route=\/wp\/v2\/posts\/574\/revisions\/575"}],"wp:featuredmedia":[{"embeddable":true,"href":"https:\/\/www.sum-internationale-rdc.org\/index.php?rest_route=\/wp\/v2\/media\/549"}],"wp:attachment":[{"href":"https:\/\/www.sum-internationale-rdc.org\/index.php?rest_route=%2Fwp%2Fv2%2Fmedia&parent=574"}],"wp:term":[{"taxonomy":"category","embeddable":true,"href":"https:\/\/www.sum-internationale-rdc.org\/index.php?rest_route=%2Fwp%2Fv2%2Fcategories&post=574"},{"taxonomy":"post_tag","embeddable":true,"href":"https:\/\/www.sum-internationale-rdc.org\/index.php?rest_route=%2Fwp%2Fv2%2Ftags&post=574"}],"curies":[{"name":"wp","href":"https:\/\/api.w.org\/{rel}","templated":true}]}}