{"id":572,"date":"2025-08-03T07:40:17","date_gmt":"2025-08-03T05:40:17","guid":{"rendered":"http:\/\/localhost\/PROJET%20SUM\/?p=572"},"modified":"2025-08-03T07:43:04","modified_gmt":"2025-08-03T05:43:04","slug":"la-presence-du-president-de-la-sum-internationale-au-lancement-officiel-des-activites-du-projet-transforme-dans-la-ville-de-matadi","status":"publish","type":"post","link":"https:\/\/www.sum-internationale-rdc.org\/?p=572","title":{"rendered":"La pr\u00e9sence du Pr\u00e9sident de la SUM Internationale au lancement officiel des activit\u00e9s du Projet TRANSFORME dans la ville de Matadi"},"content":{"rendered":"\n<p class=\"has-text-align-left\"><em>Le Pr\u00e9sident Anderson KALEMBA a pris part au lancement officiel des activit\u00e9s du Projet TRANSFORME relative \u00e0 la formation FOPE\/FIP pour les entrepreneur(e)s b\u00e9n\u00e9ficiaires dudit projet, \u00e9dition 2025 pour la ville de Matadi.<\/em><\/p>\n\n\n\n<figure class=\"wp-block-gallery has-nested-images columns-default is-cropped wp-block-gallery-1 is-layout-flex wp-block-gallery-is-layout-flex\">\n<figure class=\"wp-block-image size-large\"><img  title=\"\" loading=\"lazy\" decoding=\"async\" width=\"1024\" height=\"682\" data-id=\"544\" src=\"http:\/\/localhost\/PROJET%20SUM\/wp-content\/uploads\/2025\/08\/IMG-20250810-WA0006-1024x682.jpg\"  alt=\"IMG-20250810-WA0006-1024x682 La pr\u00e9sence du Pr\u00e9sident de la SUM Internationale au lancement officiel des activit\u00e9s du Projet TRANSFORME dans la ville de Matadi\"  class=\"wp-image-544\" srcset=\"https:\/\/www.sum-internationale-rdc.org\/wp-content\/uploads\/2025\/08\/IMG-20250810-WA0006-1024x682.jpg 1024w, https:\/\/www.sum-internationale-rdc.org\/wp-content\/uploads\/2025\/08\/IMG-20250810-WA0006-300x200.jpg 300w, https:\/\/www.sum-internationale-rdc.org\/wp-content\/uploads\/2025\/08\/IMG-20250810-WA0006-768x512.jpg 768w, https:\/\/www.sum-internationale-rdc.org\/wp-content\/uploads\/2025\/08\/IMG-20250810-WA0006-1536x1024.jpg 1536w, https:\/\/www.sum-internationale-rdc.org\/wp-content\/uploads\/2025\/08\/IMG-20250810-WA0006-2048x1365.jpg 2048w\" sizes=\"auto, (max-width: 1024px) 100vw, 1024px\" \/><\/figure>\n\n\n\n<figure class=\"wp-block-image size-large\"><img  title=\"\" loading=\"lazy\" decoding=\"async\" width=\"1024\" height=\"682\" data-id=\"548\" src=\"http:\/\/localhost\/PROJET%20SUM\/wp-content\/uploads\/2025\/08\/IMG-20250810-WA0010-1024x682.jpg\"  alt=\"IMG-20250810-WA0010-1024x682 La pr\u00e9sence du Pr\u00e9sident de la SUM Internationale au lancement officiel des activit\u00e9s du Projet TRANSFORME dans la ville de Matadi\"  class=\"wp-image-548\" srcset=\"https:\/\/www.sum-internationale-rdc.org\/wp-content\/uploads\/2025\/08\/IMG-20250810-WA0010-1024x682.jpg 1024w, https:\/\/www.sum-internationale-rdc.org\/wp-content\/uploads\/2025\/08\/IMG-20250810-WA0010-300x200.jpg 300w, https:\/\/www.sum-internationale-rdc.org\/wp-content\/uploads\/2025\/08\/IMG-20250810-WA0010-768x512.jpg 768w, https:\/\/www.sum-internationale-rdc.org\/wp-content\/uploads\/2025\/08\/IMG-20250810-WA0010-1536x1024.jpg 1536w, https:\/\/www.sum-internationale-rdc.org\/wp-content\/uploads\/2025\/08\/IMG-20250810-WA0010-2048x1365.jpg 2048w\" sizes=\"auto, (max-width: 1024px) 100vw, 1024px\" \/><\/figure>\n\n\n\n<figure class=\"wp-block-image size-large\"><img  title=\"\" loading=\"lazy\" decoding=\"async\" width=\"1024\" height=\"682\" data-id=\"543\" src=\"http:\/\/localhost\/PROJET%20SUM\/wp-content\/uploads\/2025\/08\/IMG-20250810-WA0005-1024x682.jpg\"  alt=\"IMG-20250810-WA0005-1024x682 La pr\u00e9sence du Pr\u00e9sident de la SUM Internationale au lancement officiel des activit\u00e9s du Projet TRANSFORME dans la ville de Matadi\"  class=\"wp-image-543\" srcset=\"https:\/\/www.sum-internationale-rdc.org\/wp-content\/uploads\/2025\/08\/IMG-20250810-WA0005-1024x682.jpg 1024w, https:\/\/www.sum-internationale-rdc.org\/wp-content\/uploads\/2025\/08\/IMG-20250810-WA0005-300x200.jpg 300w, https:\/\/www.sum-internationale-rdc.org\/wp-content\/uploads\/2025\/08\/IMG-20250810-WA0005-768x512.jpg 768w, https:\/\/www.sum-internationale-rdc.org\/wp-content\/uploads\/2025\/08\/IMG-20250810-WA0005-1536x1024.jpg 1536w, https:\/\/www.sum-internationale-rdc.org\/wp-content\/uploads\/2025\/08\/IMG-20250810-WA0005-2048x1365.jpg 2048w\" sizes=\"auto, (max-width: 1024px) 100vw, 1024px\" \/><\/figure>\n\n\n\n<figure class=\"wp-block-image size-large\"><img  title=\"\" loading=\"lazy\" decoding=\"async\" width=\"1024\" height=\"682\" data-id=\"545\" src=\"http:\/\/localhost\/PROJET%20SUM\/wp-content\/uploads\/2025\/08\/IMG-20250810-WA0007-1024x682.jpg\"  alt=\"IMG-20250810-WA0007-1024x682 La pr\u00e9sence du Pr\u00e9sident de la SUM Internationale au lancement officiel des activit\u00e9s du Projet TRANSFORME dans la ville de Matadi\"  class=\"wp-image-545\" srcset=\"https:\/\/www.sum-internationale-rdc.org\/wp-content\/uploads\/2025\/08\/IMG-20250810-WA0007-1024x682.jpg 1024w, https:\/\/www.sum-internationale-rdc.org\/wp-content\/uploads\/2025\/08\/IMG-20250810-WA0007-300x200.jpg 300w, https:\/\/www.sum-internationale-rdc.org\/wp-content\/uploads\/2025\/08\/IMG-20250810-WA0007-768x512.jpg 768w, https:\/\/www.sum-internationale-rdc.org\/wp-content\/uploads\/2025\/08\/IMG-20250810-WA0007-1536x1024.jpg 1536w, https:\/\/www.sum-internationale-rdc.org\/wp-content\/uploads\/2025\/08\/IMG-20250810-WA0007-2048x1365.jpg 2048w\" sizes=\"auto, (max-width: 1024px) 100vw, 1024px\" \/><\/figure>\n\n\n\n<figure class=\"wp-block-image size-large\"><img  title=\"\" loading=\"lazy\" decoding=\"async\" width=\"1024\" height=\"682\" data-id=\"546\" src=\"http:\/\/localhost\/PROJET%20SUM\/wp-content\/uploads\/2025\/08\/IMG-20250810-WA0008-1024x682.jpg\"  alt=\"IMG-20250810-WA0008-1024x682 La pr\u00e9sence du Pr\u00e9sident de la SUM Internationale au lancement officiel des activit\u00e9s du Projet TRANSFORME dans la ville de Matadi\"  class=\"wp-image-546\" srcset=\"https:\/\/www.sum-internationale-rdc.org\/wp-content\/uploads\/2025\/08\/IMG-20250810-WA0008-1024x682.jpg 1024w, https:\/\/www.sum-internationale-rdc.org\/wp-content\/uploads\/2025\/08\/IMG-20250810-WA0008-300x200.jpg 300w, https:\/\/www.sum-internationale-rdc.org\/wp-content\/uploads\/2025\/08\/IMG-20250810-WA0008-768x512.jpg 768w, https:\/\/www.sum-internationale-rdc.org\/wp-content\/uploads\/2025\/08\/IMG-20250810-WA0008-1536x1024.jpg 1536w, https:\/\/www.sum-internationale-rdc.org\/wp-content\/uploads\/2025\/08\/IMG-20250810-WA0008-2048x1365.jpg 2048w\" sizes=\"auto, (max-width: 1024px) 100vw, 1024px\" \/><\/figure>\n\n\n\n<figure class=\"wp-block-image size-large\"><img  title=\"\" loading=\"lazy\" decoding=\"async\" width=\"682\" height=\"1024\" data-id=\"547\" src=\"http:\/\/localhost\/PROJET%20SUM\/wp-content\/uploads\/2025\/08\/IMG-20250810-WA0009-682x1024.jpg\"  alt=\"IMG-20250810-WA0009-682x1024 La pr\u00e9sence du Pr\u00e9sident de la SUM Internationale au lancement officiel des activit\u00e9s du Projet TRANSFORME dans la ville de Matadi\"  class=\"wp-image-547\" srcset=\"https:\/\/www.sum-internationale-rdc.org\/wp-content\/uploads\/2025\/08\/IMG-20250810-WA0009-682x1024.jpg 682w, https:\/\/www.sum-internationale-rdc.org\/wp-content\/uploads\/2025\/08\/IMG-20250810-WA0009-200x300.jpg 200w, https:\/\/www.sum-internationale-rdc.org\/wp-content\/uploads\/2025\/08\/IMG-20250810-WA0009-768x1152.jpg 768w, https:\/\/www.sum-internationale-rdc.org\/wp-content\/uploads\/2025\/08\/IMG-20250810-WA0009-1024x1536.jpg 1024w, https:\/\/www.sum-internationale-rdc.org\/wp-content\/uploads\/2025\/08\/IMG-20250810-WA0009-1365x2048.jpg 1365w, https:\/\/www.sum-internationale-rdc.org\/wp-content\/uploads\/2025\/08\/IMG-20250810-WA0009.jpg 1706w\" sizes=\"auto, (max-width: 682px) 100vw, 682px\" \/><\/figure>\n\n\n\n<figure class=\"wp-block-image size-large\"><img  title=\"\" loading=\"lazy\" decoding=\"async\" width=\"1024\" height=\"682\" data-id=\"542\" src=\"http:\/\/localhost\/PROJET%20SUM\/wp-content\/uploads\/2025\/08\/IMG-20250810-WA0004-1024x682.jpg\"  alt=\"IMG-20250810-WA0004-1024x682 La pr\u00e9sence du Pr\u00e9sident de la SUM Internationale au lancement officiel des activit\u00e9s du Projet TRANSFORME dans la ville de Matadi\"  class=\"wp-image-542\" srcset=\"https:\/\/www.sum-internationale-rdc.org\/wp-content\/uploads\/2025\/08\/IMG-20250810-WA0004-1024x682.jpg 1024w, https:\/\/www.sum-internationale-rdc.org\/wp-content\/uploads\/2025\/08\/IMG-20250810-WA0004-300x200.jpg 300w, https:\/\/www.sum-internationale-rdc.org\/wp-content\/uploads\/2025\/08\/IMG-20250810-WA0004-768x512.jpg 768w, https:\/\/www.sum-internationale-rdc.org\/wp-content\/uploads\/2025\/08\/IMG-20250810-WA0004-1536x1024.jpg 1536w, https:\/\/www.sum-internationale-rdc.org\/wp-content\/uploads\/2025\/08\/IMG-20250810-WA0004-2048x1365.jpg 2048w\" sizes=\"auto, (max-width: 1024px) 100vw, 1024px\" \/><\/figure>\n<\/figure>\n","protected":false},"excerpt":{"rendered":"<p>Le Pr\u00e9sident Anderson KALEMBA a pris part au lancement officiel des activit\u00e9s du Projet TRANSFORME relative \u00e0 la formation FOPE\/FIP pour les entrepreneur(e)s b\u00e9n\u00e9ficiaires dudit projet, \u00e9dition 2025 pour la ville de Matadi.<\/p>\n","protected":false},"author":1,"featured_media":543,"comment_status":"open","ping_status":"open","sticky":false,"template":"","format":"standard","meta":{"footnotes":""},"categories":[7],"tags":[],"class_list":["post-572","post","type-post","status-publish","format-standard","has-post-thumbnail","hentry","category-formation-entrepreneuriale"],"yoast_head":"<!-- This site is optimized with the Yoast SEO plugin v27.5 - https:\/\/yoast.com\/product\/yoast-seo-wordpress\/ -->\n<title>La pr\u00e9sence du Pr\u00e9sident de la SUM Internationale au lancement officiel des activit\u00e9s du Projet TRANSFORME dans la ville de Matadi - Solidarit\u00e9 Universelle dans le Monde<\/title>\n<meta name=\"robots\" content=\"index, follow, max-snippet:-1, max-image-preview:large, max-video-preview:-1\" \/>\n<link rel=\"canonical\" href=\"https:\/\/www.sum-internationale-rdc.org\/?p=572\" \/>\n<meta property=\"og:locale\" content=\"fr_FR\" \/>\n<meta property=\"og:type\" content=\"article\" \/>\n<meta property=\"og:title\" content=\"La pr\u00e9sence du Pr\u00e9sident de la SUM Internationale au lancement officiel des activit\u00e9s du Projet TRANSFORME dans la ville de Matadi - Solidarit\u00e9 Universelle dans le Monde\" \/>\n<meta property=\"og:description\" content=\"Le Pr\u00e9sident Anderson KALEMBA a pris part au lancement officiel des activit\u00e9s du Projet TRANSFORME relative \u00e0 la formation FOPE\/FIP pour les entrepreneur(e)s b\u00e9n\u00e9ficiaires dudit projet, \u00e9dition 2025 pour la ville de Matadi.\" \/>\n<meta property=\"og:url\" content=\"https:\/\/www.sum-internationale-rdc.org\/?p=572\" \/>\n<meta property=\"og:site_name\" content=\"Solidarit\u00e9 Universelle dans le Monde\" \/>\n<meta property=\"article:publisher\" content=\"https:\/\/web.facebook.com\/people\/Solidarit-Universelle-dans-le-Monde-SUM\/61561887928109\/?rdid=4gDODy6RSZp48ASv&amp;share_url=httpsweb.facebook.comshare1KUWq8e7VN_rdc1_rdr\" \/>\n<meta property=\"article:published_time\" content=\"2025-08-03T05:40:17+00:00\" \/>\n<meta property=\"article:modified_time\" content=\"2025-08-03T05:43:04+00:00\" \/>\n<meta property=\"og:image\" content=\"https:\/\/www.sum-internationale-rdc.org\/wp-content\/uploads\/2025\/08\/IMG-20250810-WA0005.jpg\" \/>\n\t<meta property=\"og:image:width\" content=\"2560\" \/>\n\t<meta property=\"og:image:height\" content=\"1706\" \/>\n\t<meta property=\"og:image:type\" content=\"image\/jpeg\" \/>\n<meta name=\"author\" content=\"JBSUMINTERNATIONAL\" \/>\n<meta name=\"twitter:card\" content=\"summary_large_image\" \/>\n<meta name=\"twitter:label1\" content=\"\u00c9crit par\" \/>\n\t<meta name=\"twitter:data1\" content=\"JBSUMINTERNATIONAL\" \/>\n\t<meta name=\"twitter:label2\" content=\"Dur\u00e9e de lecture estim\u00e9e\" \/>\n\t<meta name=\"twitter:data2\" content=\"2 minutes\" \/>\n<script type=\"application\/ld+json\" class=\"yoast-schema-graph\">{\"@context\":\"https:\\\/\\\/schema.org\",\"@graph\":[{\"@type\":\"Article\",\"@id\":\"https:\\\/\\\/www.sum-internationale-rdc.org\\\/?p=572#article\",\"isPartOf\":{\"@id\":\"https:\\\/\\\/www.sum-internationale-rdc.org\\\/?p=572\"},\"author\":{\"name\":\"JBSUMINTERNATIONAL\",\"@id\":\"https:\\\/\\\/www.sum-internationale-rdc.org\\\/#\\\/schema\\\/person\\\/2948cabcbf71c3a3af354db0f6c4fcb5\"},\"headline\":\"La pr\u00e9sence du Pr\u00e9sident de la SUM Internationale au lancement officiel des activit\u00e9s du Projet TRANSFORME dans la ville de Matadi\",\"datePublished\":\"2025-08-03T05:40:17+00:00\",\"dateModified\":\"2025-08-03T05:43:04+00:00\",\"mainEntityOfPage\":{\"@id\":\"https:\\\/\\\/www.sum-internationale-rdc.org\\\/?p=572\"},\"wordCount\":62,\"commentCount\":0,\"publisher\":{\"@id\":\"https:\\\/\\\/www.sum-internationale-rdc.org\\\/#organization\"},\"image\":{\"@id\":\"https:\\\/\\\/www.sum-internationale-rdc.org\\\/?p=572#primaryimage\"},\"thumbnailUrl\":\"https:\\\/\\\/www.sum-internationale-rdc.org\\\/wp-content\\\/uploads\\\/2025\\\/08\\\/IMG-20250810-WA0005.jpg\",\"articleSection\":[\"Formation entrepreneuriale\"],\"inLanguage\":\"fr-FR\",\"potentialAction\":[{\"@type\":\"CommentAction\",\"name\":\"Comment\",\"target\":[\"https:\\\/\\\/www.sum-internationale-rdc.org\\\/?p=572#respond\"]}]},{\"@type\":\"WebPage\",\"@id\":\"https:\\\/\\\/www.sum-internationale-rdc.org\\\/?p=572\",\"url\":\"https:\\\/\\\/www.sum-internationale-rdc.org\\\/?p=572\",\"name\":\"La pr\u00e9sence du Pr\u00e9sident de la SUM Internationale au lancement officiel des activit\u00e9s du Projet TRANSFORME dans la ville de Matadi - Solidarit\u00e9 Universelle dans le Monde\",\"isPartOf\":{\"@id\":\"https:\\\/\\\/www.sum-internationale-rdc.org\\\/#website\"},\"primaryImageOfPage\":{\"@id\":\"https:\\\/\\\/www.sum-internationale-rdc.org\\\/?p=572#primaryimage\"},\"image\":{\"@id\":\"https:\\\/\\\/www.sum-internationale-rdc.org\\\/?p=572#primaryimage\"},\"thumbnailUrl\":\"https:\\\/\\\/www.sum-internationale-rdc.org\\\/wp-content\\\/uploads\\\/2025\\\/08\\\/IMG-20250810-WA0005.jpg\",\"datePublished\":\"2025-08-03T05:40:17+00:00\",\"dateModified\":\"2025-08-03T05:43:04+00:00\",\"breadcrumb\":{\"@id\":\"https:\\\/\\\/www.sum-internationale-rdc.org\\\/?p=572#breadcrumb\"},\"inLanguage\":\"fr-FR\",\"potentialAction\":[{\"@type\":\"ReadAction\",\"target\":[\"https:\\\/\\\/www.sum-internationale-rdc.org\\\/?p=572\"]}]},{\"@type\":\"ImageObject\",\"inLanguage\":\"fr-FR\",\"@id\":\"https:\\\/\\\/www.sum-internationale-rdc.org\\\/?p=572#primaryimage\",\"url\":\"https:\\\/\\\/www.sum-internationale-rdc.org\\\/wp-content\\\/uploads\\\/2025\\\/08\\\/IMG-20250810-WA0005.jpg\",\"contentUrl\":\"https:\\\/\\\/www.sum-internationale-rdc.org\\\/wp-content\\\/uploads\\\/2025\\\/08\\\/IMG-20250810-WA0005.jpg\",\"width\":2560,\"height\":1706},{\"@type\":\"BreadcrumbList\",\"@id\":\"https:\\\/\\\/www.sum-internationale-rdc.org\\\/?p=572#breadcrumb\",\"itemListElement\":[{\"@type\":\"ListItem\",\"position\":1,\"name\":\"Accueil\",\"item\":\"https:\\\/\\\/www.sum-internationale-rdc.org\\\/\"},{\"@type\":\"ListItem\",\"position\":2,\"name\":\"La pr\u00e9sence du Pr\u00e9sident de la SUM Internationale au lancement officiel des activit\u00e9s du Projet TRANSFORME dans la ville de Matadi\"}]},{\"@type\":\"WebSite\",\"@id\":\"https:\\\/\\\/www.sum-internationale-rdc.org\\\/#website\",\"url\":\"https:\\\/\\\/www.sum-internationale-rdc.org\\\/\",\"name\":\"Solidarit\u00e9 Universelle dans le Monde\",\"description\":\"Par nos actions, d\u00e9veloppons notre communaut\u00e9.\",\"publisher\":{\"@id\":\"https:\\\/\\\/www.sum-internationale-rdc.org\\\/#organization\"},\"potentialAction\":[{\"@type\":\"SearchAction\",\"target\":{\"@type\":\"EntryPoint\",\"urlTemplate\":\"https:\\\/\\\/www.sum-internationale-rdc.org\\\/?s={search_term_string}\"},\"query-input\":{\"@type\":\"PropertyValueSpecification\",\"valueRequired\":true,\"valueName\":\"search_term_string\"}}],\"inLanguage\":\"fr-FR\"},{\"@type\":\"Organization\",\"@id\":\"https:\\\/\\\/www.sum-internationale-rdc.org\\\/#organization\",\"name\":\"Solidarit\u00e9 Universelle dans le Monde\",\"url\":\"https:\\\/\\\/www.sum-internationale-rdc.org\\\/\",\"logo\":{\"@type\":\"ImageObject\",\"inLanguage\":\"fr-FR\",\"@id\":\"https:\\\/\\\/www.sum-internationale-rdc.org\\\/#\\\/schema\\\/logo\\\/image\\\/\",\"url\":\"https:\\\/\\\/www.sum-internationale-rdc.org\\\/wp-content\\\/uploads\\\/2024\\\/12\\\/cropped-IMG-20240701-WA0002.jpg\",\"contentUrl\":\"https:\\\/\\\/www.sum-internationale-rdc.org\\\/wp-content\\\/uploads\\\/2024\\\/12\\\/cropped-IMG-20240701-WA0002.jpg\",\"width\":712,\"height\":688,\"caption\":\"Solidarit\u00e9 Universelle dans le Monde\"},\"image\":{\"@id\":\"https:\\\/\\\/www.sum-internationale-rdc.org\\\/#\\\/schema\\\/logo\\\/image\\\/\"},\"sameAs\":[\"https:\\\/\\\/web.facebook.com\\\/people\\\/Solidarit-Universelle-dans-le-Monde-SUM\\\/61561887928109\\\/?rdid=4gDODy6RSZp48ASv&share_url=httpsweb.facebook.comshare1KUWq8e7VN_rdc1_rdr\"]},{\"@type\":\"Person\",\"@id\":\"https:\\\/\\\/www.sum-internationale-rdc.org\\\/#\\\/schema\\\/person\\\/2948cabcbf71c3a3af354db0f6c4fcb5\",\"name\":\"JBSUMINTERNATIONAL\",\"image\":{\"@type\":\"ImageObject\",\"inLanguage\":\"fr-FR\",\"@id\":\"https:\\\/\\\/secure.gravatar.com\\\/avatar\\\/354f7406b237e235e0628b368bc255219b5bcf3640bd41edcf4caa618bb9e0da?s=96&d=mm&r=g\",\"url\":\"https:\\\/\\\/secure.gravatar.com\\\/avatar\\\/354f7406b237e235e0628b368bc255219b5bcf3640bd41edcf4caa618bb9e0da?s=96&d=mm&r=g\",\"contentUrl\":\"https:\\\/\\\/secure.gravatar.com\\\/avatar\\\/354f7406b237e235e0628b368bc255219b5bcf3640bd41edcf4caa618bb9e0da?s=96&d=mm&r=g\",\"caption\":\"JBSUMINTERNATIONAL\"},\"sameAs\":[\"http:\\\/\\\/localhost\\\/PROJET%20SUM\"],\"url\":\"https:\\\/\\\/www.sum-internationale-rdc.org\\\/?author=1\"}]}<\/script>\n<!-- \/ Yoast SEO plugin. -->","yoast_head_json":{"title":"La pr\u00e9sence du Pr\u00e9sident de la SUM Internationale au lancement officiel des activit\u00e9s du Projet TRANSFORME dans la ville de Matadi - Solidarit\u00e9 Universelle dans le Monde","robots":{"index":"index","follow":"follow","max-snippet":"max-snippet:-1","max-image-preview":"max-image-preview:large","max-video-preview":"max-video-preview:-1"},"canonical":"https:\/\/www.sum-internationale-rdc.org\/?p=572","og_locale":"fr_FR","og_type":"article","og_title":"La pr\u00e9sence du Pr\u00e9sident de la SUM Internationale au lancement officiel des activit\u00e9s du Projet TRANSFORME dans la ville de Matadi - Solidarit\u00e9 Universelle dans le Monde","og_description":"Le Pr\u00e9sident Anderson KALEMBA a pris part au lancement officiel des activit\u00e9s du Projet TRANSFORME relative \u00e0 la formation FOPE\/FIP pour les entrepreneur(e)s b\u00e9n\u00e9ficiaires dudit projet, \u00e9dition 2025 pour la ville de Matadi.","og_url":"https:\/\/www.sum-internationale-rdc.org\/?p=572","og_site_name":"Solidarit\u00e9 Universelle dans le Monde","article_publisher":"https:\/\/web.facebook.com\/people\/Solidarit-Universelle-dans-le-Monde-SUM\/61561887928109\/?rdid=4gDODy6RSZp48ASv&share_url=httpsweb.facebook.comshare1KUWq8e7VN_rdc1_rdr","article_published_time":"2025-08-03T05:40:17+00:00","article_modified_time":"2025-08-03T05:43:04+00:00","og_image":[{"width":2560,"height":1706,"url":"https:\/\/www.sum-internationale-rdc.org\/wp-content\/uploads\/2025\/08\/IMG-20250810-WA0005.jpg","type":"image\/jpeg"}],"author":"JBSUMINTERNATIONAL","twitter_card":"summary_large_image","twitter_misc":{"\u00c9crit par":"JBSUMINTERNATIONAL","Dur\u00e9e de lecture estim\u00e9e":"2 minutes"},"schema":{"@context":"https:\/\/schema.org","@graph":[{"@type":"Article","@id":"https:\/\/www.sum-internationale-rdc.org\/?p=572#article","isPartOf":{"@id":"https:\/\/www.sum-internationale-rdc.org\/?p=572"},"author":{"name":"JBSUMINTERNATIONAL","@id":"https:\/\/www.sum-internationale-rdc.org\/#\/schema\/person\/2948cabcbf71c3a3af354db0f6c4fcb5"},"headline":"La pr\u00e9sence du Pr\u00e9sident de la SUM Internationale au lancement officiel des activit\u00e9s du Projet TRANSFORME dans la ville de Matadi","datePublished":"2025-08-03T05:40:17+00:00","dateModified":"2025-08-03T05:43:04+00:00","mainEntityOfPage":{"@id":"https:\/\/www.sum-internationale-rdc.org\/?p=572"},"wordCount":62,"commentCount":0,"publisher":{"@id":"https:\/\/www.sum-internationale-rdc.org\/#organization"},"image":{"@id":"https:\/\/www.sum-internationale-rdc.org\/?p=572#primaryimage"},"thumbnailUrl":"https:\/\/www.sum-internationale-rdc.org\/wp-content\/uploads\/2025\/08\/IMG-20250810-WA0005.jpg","articleSection":["Formation entrepreneuriale"],"inLanguage":"fr-FR","potentialAction":[{"@type":"CommentAction","name":"Comment","target":["https:\/\/www.sum-internationale-rdc.org\/?p=572#respond"]}]},{"@type":"WebPage","@id":"https:\/\/www.sum-internationale-rdc.org\/?p=572","url":"https:\/\/www.sum-internationale-rdc.org\/?p=572","name":"La pr\u00e9sence du Pr\u00e9sident de la SUM Internationale au lancement officiel des activit\u00e9s du Projet TRANSFORME dans la ville de Matadi - Solidarit\u00e9 Universelle dans le Monde","isPartOf":{"@id":"https:\/\/www.sum-internationale-rdc.org\/#website"},"primaryImageOfPage":{"@id":"https:\/\/www.sum-internationale-rdc.org\/?p=572#primaryimage"},"image":{"@id":"https:\/\/www.sum-internationale-rdc.org\/?p=572#primaryimage"},"thumbnailUrl":"https:\/\/www.sum-internationale-rdc.org\/wp-content\/uploads\/2025\/08\/IMG-20250810-WA0005.jpg","datePublished":"2025-08-03T05:40:17+00:00","dateModified":"2025-08-03T05:43:04+00:00","breadcrumb":{"@id":"https:\/\/www.sum-internationale-rdc.org\/?p=572#breadcrumb"},"inLanguage":"fr-FR","potentialAction":[{"@type":"ReadAction","target":["https:\/\/www.sum-internationale-rdc.org\/?p=572"]}]},{"@type":"ImageObject","inLanguage":"fr-FR","@id":"https:\/\/www.sum-internationale-rdc.org\/?p=572#primaryimage","url":"https:\/\/www.sum-internationale-rdc.org\/wp-content\/uploads\/2025\/08\/IMG-20250810-WA0005.jpg","contentUrl":"https:\/\/www.sum-internationale-rdc.org\/wp-content\/uploads\/2025\/08\/IMG-20250810-WA0005.jpg","width":2560,"height":1706},{"@type":"BreadcrumbList","@id":"https:\/\/www.sum-internationale-rdc.org\/?p=572#breadcrumb","itemListElement":[{"@type":"ListItem","position":1,"name":"Accueil","item":"https:\/\/www.sum-internationale-rdc.org\/"},{"@type":"ListItem","position":2,"name":"La pr\u00e9sence du Pr\u00e9sident de la SUM Internationale au lancement officiel des activit\u00e9s du Projet TRANSFORME dans la ville de Matadi"}]},{"@type":"WebSite","@id":"https:\/\/www.sum-internationale-rdc.org\/#website","url":"https:\/\/www.sum-internationale-rdc.org\/","name":"Solidarit\u00e9 Universelle dans le Monde","description":"Par nos actions, d\u00e9veloppons notre communaut\u00e9.","publisher":{"@id":"https:\/\/www.sum-internationale-rdc.org\/#organization"},"potentialAction":[{"@type":"SearchAction","target":{"@type":"EntryPoint","urlTemplate":"https:\/\/www.sum-internationale-rdc.org\/?s={search_term_string}"},"query-input":{"@type":"PropertyValueSpecification","valueRequired":true,"valueName":"search_term_string"}}],"inLanguage":"fr-FR"},{"@type":"Organization","@id":"https:\/\/www.sum-internationale-rdc.org\/#organization","name":"Solidarit\u00e9 Universelle dans le Monde","url":"https:\/\/www.sum-internationale-rdc.org\/","logo":{"@type":"ImageObject","inLanguage":"fr-FR","@id":"https:\/\/www.sum-internationale-rdc.org\/#\/schema\/logo\/image\/","url":"https:\/\/www.sum-internationale-rdc.org\/wp-content\/uploads\/2024\/12\/cropped-IMG-20240701-WA0002.jpg","contentUrl":"https:\/\/www.sum-internationale-rdc.org\/wp-content\/uploads\/2024\/12\/cropped-IMG-20240701-WA0002.jpg","width":712,"height":688,"caption":"Solidarit\u00e9 Universelle dans le Monde"},"image":{"@id":"https:\/\/www.sum-internationale-rdc.org\/#\/schema\/logo\/image\/"},"sameAs":["https:\/\/web.facebook.com\/people\/Solidarit-Universelle-dans-le-Monde-SUM\/61561887928109\/?rdid=4gDODy6RSZp48ASv&share_url=httpsweb.facebook.comshare1KUWq8e7VN_rdc1_rdr"]},{"@type":"Person","@id":"https:\/\/www.sum-internationale-rdc.org\/#\/schema\/person\/2948cabcbf71c3a3af354db0f6c4fcb5","name":"JBSUMINTERNATIONAL","image":{"@type":"ImageObject","inLanguage":"fr-FR","@id":"https:\/\/secure.gravatar.com\/avatar\/354f7406b237e235e0628b368bc255219b5bcf3640bd41edcf4caa618bb9e0da?s=96&d=mm&r=g","url":"https:\/\/secure.gravatar.com\/avatar\/354f7406b237e235e0628b368bc255219b5bcf3640bd41edcf4caa618bb9e0da?s=96&d=mm&r=g","contentUrl":"https:\/\/secure.gravatar.com\/avatar\/354f7406b237e235e0628b368bc255219b5bcf3640bd41edcf4caa618bb9e0da?s=96&d=mm&r=g","caption":"JBSUMINTERNATIONAL"},"sameAs":["http:\/\/localhost\/PROJET%20SUM"],"url":"https:\/\/www.sum-internationale-rdc.org\/?author=1"}]}},"_links":{"self":[{"href":"https:\/\/www.sum-internationale-rdc.org\/index.php?rest_route=\/wp\/v2\/posts\/572","targetHints":{"allow":["GET"]}}],"collection":[{"href":"https:\/\/www.sum-internationale-rdc.org\/index.php?rest_route=\/wp\/v2\/posts"}],"about":[{"href":"https:\/\/www.sum-internationale-rdc.org\/index.php?rest_route=\/wp\/v2\/types\/post"}],"author":[{"embeddable":true,"href":"https:\/\/www.sum-internationale-rdc.org\/index.php?rest_route=\/wp\/v2\/users\/1"}],"replies":[{"embeddable":true,"href":"https:\/\/www.sum-internationale-rdc.org\/index.php?rest_route=%2Fwp%2Fv2%2Fcomments&post=572"}],"version-history":[{"count":1,"href":"https:\/\/www.sum-internationale-rdc.org\/index.php?rest_route=\/wp\/v2\/posts\/572\/revisions"}],"predecessor-version":[{"id":573,"href":"https:\/\/www.sum-internationale-rdc.org\/index.php?rest_route=\/wp\/v2\/posts\/572\/revisions\/573"}],"wp:featuredmedia":[{"embeddable":true,"href":"https:\/\/www.sum-internationale-rdc.org\/index.php?rest_route=\/wp\/v2\/media\/543"}],"wp:attachment":[{"href":"https:\/\/www.sum-internationale-rdc.org\/index.php?rest_route=%2Fwp%2Fv2%2Fmedia&parent=572"}],"wp:term":[{"taxonomy":"category","embeddable":true,"href":"https:\/\/www.sum-internationale-rdc.org\/index.php?rest_route=%2Fwp%2Fv2%2Fcategories&post=572"},{"taxonomy":"post_tag","embeddable":true,"href":"https:\/\/www.sum-internationale-rdc.org\/index.php?rest_route=%2Fwp%2Fv2%2Ftags&post=572"}],"curies":[{"name":"wp","href":"https:\/\/api.w.org\/{rel}","templated":true}]}}