{"id":390,"date":"2025-01-17T10:16:40","date_gmt":"2025-01-17T09:16:40","guid":{"rendered":"http:\/\/localhost\/PROJET%20SUM\/?p=390"},"modified":"2025-02-22T02:22:02","modified_gmt":"2025-02-22T01:22:02","slug":"la-representation-de-la-sum-internationale-en-france","status":"publish","type":"post","link":"https:\/\/www.sum-internationale-rdc.org\/?p=390","title":{"rendered":"La repr\u00e9sentation de la SUM Internationale en France"},"content":{"rendered":"\n<p><em>Avec son pr\u00e9sident sectionnaire<\/em><\/p>\n\n\n\n<figure class=\"wp-block-gallery has-nested-images columns-default is-cropped wp-block-gallery-1 is-layout-flex wp-block-gallery-is-layout-flex\">\n<figure class=\"wp-block-image size-large\"><img  title=\"\" loading=\"lazy\" decoding=\"async\" width=\"1024\" height=\"766\" data-id=\"397\" src=\"http:\/\/localhost\/PROJET%20SUM\/wp-content\/uploads\/2025\/01\/IMG-20250115-WA0013-1024x766.jpg\"  alt=\"IMG-20250115-WA0013-1024x766 La repr\u00e9sentation de la SUM Internationale en France\"  class=\"wp-image-397\" srcset=\"https:\/\/www.sum-internationale-rdc.org\/wp-content\/uploads\/2025\/01\/IMG-20250115-WA0013-1024x766.jpg 1024w, https:\/\/www.sum-internationale-rdc.org\/wp-content\/uploads\/2025\/01\/IMG-20250115-WA0013-300x224.jpg 300w, https:\/\/www.sum-internationale-rdc.org\/wp-content\/uploads\/2025\/01\/IMG-20250115-WA0013-768x575.jpg 768w, https:\/\/www.sum-internationale-rdc.org\/wp-content\/uploads\/2025\/01\/IMG-20250115-WA0013-1536x1149.jpg 1536w, https:\/\/www.sum-internationale-rdc.org\/wp-content\/uploads\/2025\/01\/IMG-20250115-WA0013.jpg 2048w\" sizes=\"auto, (max-width: 1024px) 100vw, 1024px\" \/><\/figure>\n\n\n\n<figure class=\"wp-block-image size-large\"><img  title=\"\" loading=\"lazy\" decoding=\"async\" width=\"1024\" height=\"766\" data-id=\"395\" src=\"http:\/\/localhost\/PROJET%20SUM\/wp-content\/uploads\/2025\/01\/IMG-20250115-WA0011-1024x766.jpg\"  alt=\"IMG-20250115-WA0011-1024x766 La repr\u00e9sentation de la SUM Internationale en France\"  class=\"wp-image-395\" srcset=\"https:\/\/www.sum-internationale-rdc.org\/wp-content\/uploads\/2025\/01\/IMG-20250115-WA0011-1024x766.jpg 1024w, https:\/\/www.sum-internationale-rdc.org\/wp-content\/uploads\/2025\/01\/IMG-20250115-WA0011-300x224.jpg 300w, https:\/\/www.sum-internationale-rdc.org\/wp-content\/uploads\/2025\/01\/IMG-20250115-WA0011-768x575.jpg 768w, https:\/\/www.sum-internationale-rdc.org\/wp-content\/uploads\/2025\/01\/IMG-20250115-WA0011-1536x1149.jpg 1536w, https:\/\/www.sum-internationale-rdc.org\/wp-content\/uploads\/2025\/01\/IMG-20250115-WA0011.jpg 1600w\" sizes=\"auto, (max-width: 1024px) 100vw, 1024px\" \/><\/figure>\n\n\n\n<figure class=\"wp-block-image size-large\"><img  title=\"\" loading=\"lazy\" decoding=\"async\" width=\"768\" height=\"1024\" data-id=\"396\" src=\"http:\/\/localhost\/PROJET%20SUM\/wp-content\/uploads\/2025\/01\/IMG-20250115-WA0012-768x1024.jpg\"  alt=\"IMG-20250115-WA0012-768x1024 La repr\u00e9sentation de la SUM Internationale en France\"  class=\"wp-image-396\" srcset=\"https:\/\/www.sum-internationale-rdc.org\/wp-content\/uploads\/2025\/01\/IMG-20250115-WA0012-768x1023.jpg 768w, https:\/\/www.sum-internationale-rdc.org\/wp-content\/uploads\/2025\/01\/IMG-20250115-WA0012-225x300.jpg 225w, https:\/\/www.sum-internationale-rdc.org\/wp-content\/uploads\/2025\/01\/IMG-20250115-WA0012-1153x1536.jpg 1153w, https:\/\/www.sum-internationale-rdc.org\/wp-content\/uploads\/2025\/01\/IMG-20250115-WA0012.jpg 1200w\" sizes=\"auto, (max-width: 768px) 100vw, 768px\" \/><\/figure>\n<\/figure>\n\n\n\n<p>La Solidarit\u00e9 Universelle dans le Monde en France (SUM France) est repr\u00e9sent\u00e9e par Monsieur\u00a0<strong><em><strong>ENTUKU DANIEL<\/strong><\/em><\/strong>\u00a0qui occupe la fonction du pr\u00e9sident sectionnaire.<\/p>\n","protected":false},"excerpt":{"rendered":"<p>Avec son pr\u00e9sident sectionnaire La Solidarit\u00e9 Universelle dans le Monde en France (SUM France) est repr\u00e9sent\u00e9e par Monsieur\u00a0ENTUKU DANIEL\u00a0qui occupe la fonction du pr\u00e9sident sectionnaire.<\/p>\n","protected":false},"author":1,"featured_media":397,"comment_status":"closed","ping_status":"closed","sticky":false,"template":"","format":"standard","meta":{"footnotes":""},"categories":[11],"tags":[14,13],"class_list":["post-390","post","type-post","status-publish","format-standard","has-post-thumbnail","hentry","category-representation","tag-la-meilleure-ongd","tag-meilleure-organisation-en-rdc"],"yoast_head":"<!-- This site is optimized with the Yoast SEO plugin v27.5 - https:\/\/yoast.com\/product\/yoast-seo-wordpress\/ -->\n<title>La repr\u00e9sentation de la SUM Internationale en France - Solidarit\u00e9 Universelle dans le Monde<\/title>\n<meta name=\"robots\" content=\"index, follow, max-snippet:-1, max-image-preview:large, max-video-preview:-1\" \/>\n<link rel=\"canonical\" href=\"https:\/\/www.sum-internationale-rdc.org\/?p=390\" \/>\n<meta property=\"og:locale\" content=\"fr_FR\" \/>\n<meta property=\"og:type\" content=\"article\" \/>\n<meta property=\"og:title\" content=\"La repr\u00e9sentation de la SUM Internationale en France - Solidarit\u00e9 Universelle dans le Monde\" \/>\n<meta property=\"og:description\" content=\"Avec son pr\u00e9sident sectionnaire La Solidarit\u00e9 Universelle dans le Monde en France (SUM France) est repr\u00e9sent\u00e9e par Monsieur\u00a0ENTUKU DANIEL\u00a0qui occupe la fonction du pr\u00e9sident sectionnaire.\" \/>\n<meta property=\"og:url\" content=\"https:\/\/www.sum-internationale-rdc.org\/?p=390\" \/>\n<meta property=\"og:site_name\" content=\"Solidarit\u00e9 Universelle dans le Monde\" \/>\n<meta property=\"article:publisher\" content=\"https:\/\/web.facebook.com\/people\/Solidarit-Universelle-dans-le-Monde-SUM\/61561887928109\/?rdid=4gDODy6RSZp48ASv&amp;share_url=httpsweb.facebook.comshare1KUWq8e7VN_rdc1_rdr\" \/>\n<meta property=\"article:published_time\" content=\"2025-01-17T09:16:40+00:00\" \/>\n<meta property=\"article:modified_time\" content=\"2025-02-22T01:22:02+00:00\" \/>\n<meta property=\"og:image\" content=\"https:\/\/www.sum-internationale-rdc.org\/wp-content\/uploads\/2025\/01\/IMG-20250115-WA0013.jpg\" \/>\n\t<meta property=\"og:image:width\" content=\"2048\" \/>\n\t<meta property=\"og:image:height\" content=\"1532\" \/>\n\t<meta property=\"og:image:type\" content=\"image\/jpeg\" \/>\n<meta name=\"author\" content=\"JBSUMINTERNATIONAL\" \/>\n<meta name=\"twitter:card\" content=\"summary_large_image\" \/>\n<meta name=\"twitter:label1\" content=\"\u00c9crit par\" \/>\n\t<meta name=\"twitter:data1\" content=\"JBSUMINTERNATIONAL\" \/>\n<script type=\"application\/ld+json\" class=\"yoast-schema-graph\">{\"@context\":\"https:\\\/\\\/schema.org\",\"@graph\":[{\"@type\":\"Article\",\"@id\":\"https:\\\/\\\/www.sum-internationale-rdc.org\\\/?p=390#article\",\"isPartOf\":{\"@id\":\"https:\\\/\\\/www.sum-internationale-rdc.org\\\/?p=390\"},\"author\":{\"name\":\"JBSUMINTERNATIONAL\",\"@id\":\"https:\\\/\\\/www.sum-internationale-rdc.org\\\/#\\\/schema\\\/person\\\/2948cabcbf71c3a3af354db0f6c4fcb5\"},\"headline\":\"La repr\u00e9sentation de la SUM Internationale en France\",\"datePublished\":\"2025-01-17T09:16:40+00:00\",\"dateModified\":\"2025-02-22T01:22:02+00:00\",\"mainEntityOfPage\":{\"@id\":\"https:\\\/\\\/www.sum-internationale-rdc.org\\\/?p=390\"},\"wordCount\":40,\"publisher\":{\"@id\":\"https:\\\/\\\/www.sum-internationale-rdc.org\\\/#organization\"},\"image\":{\"@id\":\"https:\\\/\\\/www.sum-internationale-rdc.org\\\/?p=390#primaryimage\"},\"thumbnailUrl\":\"https:\\\/\\\/www.sum-internationale-rdc.org\\\/wp-content\\\/uploads\\\/2025\\\/01\\\/IMG-20250115-WA0013.jpg\",\"keywords\":[\"Meilleure ONGD en RDC\",\"meilleure organisation en RDC\"],\"articleSection\":[\"Repr\u00e9sentation\"],\"inLanguage\":\"fr-FR\"},{\"@type\":\"WebPage\",\"@id\":\"https:\\\/\\\/www.sum-internationale-rdc.org\\\/?p=390\",\"url\":\"https:\\\/\\\/www.sum-internationale-rdc.org\\\/?p=390\",\"name\":\"La repr\u00e9sentation de la SUM Internationale en France - Solidarit\u00e9 Universelle dans le Monde\",\"isPartOf\":{\"@id\":\"https:\\\/\\\/www.sum-internationale-rdc.org\\\/#website\"},\"primaryImageOfPage\":{\"@id\":\"https:\\\/\\\/www.sum-internationale-rdc.org\\\/?p=390#primaryimage\"},\"image\":{\"@id\":\"https:\\\/\\\/www.sum-internationale-rdc.org\\\/?p=390#primaryimage\"},\"thumbnailUrl\":\"https:\\\/\\\/www.sum-internationale-rdc.org\\\/wp-content\\\/uploads\\\/2025\\\/01\\\/IMG-20250115-WA0013.jpg\",\"datePublished\":\"2025-01-17T09:16:40+00:00\",\"dateModified\":\"2025-02-22T01:22:02+00:00\",\"breadcrumb\":{\"@id\":\"https:\\\/\\\/www.sum-internationale-rdc.org\\\/?p=390#breadcrumb\"},\"inLanguage\":\"fr-FR\",\"potentialAction\":[{\"@type\":\"ReadAction\",\"target\":[\"https:\\\/\\\/www.sum-internationale-rdc.org\\\/?p=390\"]}]},{\"@type\":\"ImageObject\",\"inLanguage\":\"fr-FR\",\"@id\":\"https:\\\/\\\/www.sum-internationale-rdc.org\\\/?p=390#primaryimage\",\"url\":\"https:\\\/\\\/www.sum-internationale-rdc.org\\\/wp-content\\\/uploads\\\/2025\\\/01\\\/IMG-20250115-WA0013.jpg\",\"contentUrl\":\"https:\\\/\\\/www.sum-internationale-rdc.org\\\/wp-content\\\/uploads\\\/2025\\\/01\\\/IMG-20250115-WA0013.jpg\",\"width\":2048,\"height\":1532},{\"@type\":\"BreadcrumbList\",\"@id\":\"https:\\\/\\\/www.sum-internationale-rdc.org\\\/?p=390#breadcrumb\",\"itemListElement\":[{\"@type\":\"ListItem\",\"position\":1,\"name\":\"Accueil\",\"item\":\"https:\\\/\\\/www.sum-internationale-rdc.org\\\/\"},{\"@type\":\"ListItem\",\"position\":2,\"name\":\"La repr\u00e9sentation de la SUM Internationale en France\"}]},{\"@type\":\"WebSite\",\"@id\":\"https:\\\/\\\/www.sum-internationale-rdc.org\\\/#website\",\"url\":\"https:\\\/\\\/www.sum-internationale-rdc.org\\\/\",\"name\":\"Solidarit\u00e9 Universelle dans le Monde\",\"description\":\"Par nos actions, d\u00e9veloppons notre communaut\u00e9.\",\"publisher\":{\"@id\":\"https:\\\/\\\/www.sum-internationale-rdc.org\\\/#organization\"},\"potentialAction\":[{\"@type\":\"SearchAction\",\"target\":{\"@type\":\"EntryPoint\",\"urlTemplate\":\"https:\\\/\\\/www.sum-internationale-rdc.org\\\/?s={search_term_string}\"},\"query-input\":{\"@type\":\"PropertyValueSpecification\",\"valueRequired\":true,\"valueName\":\"search_term_string\"}}],\"inLanguage\":\"fr-FR\"},{\"@type\":\"Organization\",\"@id\":\"https:\\\/\\\/www.sum-internationale-rdc.org\\\/#organization\",\"name\":\"Solidarit\u00e9 Universelle dans le Monde\",\"url\":\"https:\\\/\\\/www.sum-internationale-rdc.org\\\/\",\"logo\":{\"@type\":\"ImageObject\",\"inLanguage\":\"fr-FR\",\"@id\":\"https:\\\/\\\/www.sum-internationale-rdc.org\\\/#\\\/schema\\\/logo\\\/image\\\/\",\"url\":\"https:\\\/\\\/www.sum-internationale-rdc.org\\\/wp-content\\\/uploads\\\/2024\\\/12\\\/cropped-IMG-20240701-WA0002.jpg\",\"contentUrl\":\"https:\\\/\\\/www.sum-internationale-rdc.org\\\/wp-content\\\/uploads\\\/2024\\\/12\\\/cropped-IMG-20240701-WA0002.jpg\",\"width\":712,\"height\":688,\"caption\":\"Solidarit\u00e9 Universelle dans le Monde\"},\"image\":{\"@id\":\"https:\\\/\\\/www.sum-internationale-rdc.org\\\/#\\\/schema\\\/logo\\\/image\\\/\"},\"sameAs\":[\"https:\\\/\\\/web.facebook.com\\\/people\\\/Solidarit-Universelle-dans-le-Monde-SUM\\\/61561887928109\\\/?rdid=4gDODy6RSZp48ASv&share_url=httpsweb.facebook.comshare1KUWq8e7VN_rdc1_rdr\"]},{\"@type\":\"Person\",\"@id\":\"https:\\\/\\\/www.sum-internationale-rdc.org\\\/#\\\/schema\\\/person\\\/2948cabcbf71c3a3af354db0f6c4fcb5\",\"name\":\"JBSUMINTERNATIONAL\",\"image\":{\"@type\":\"ImageObject\",\"inLanguage\":\"fr-FR\",\"@id\":\"https:\\\/\\\/secure.gravatar.com\\\/avatar\\\/354f7406b237e235e0628b368bc255219b5bcf3640bd41edcf4caa618bb9e0da?s=96&d=mm&r=g\",\"url\":\"https:\\\/\\\/secure.gravatar.com\\\/avatar\\\/354f7406b237e235e0628b368bc255219b5bcf3640bd41edcf4caa618bb9e0da?s=96&d=mm&r=g\",\"contentUrl\":\"https:\\\/\\\/secure.gravatar.com\\\/avatar\\\/354f7406b237e235e0628b368bc255219b5bcf3640bd41edcf4caa618bb9e0da?s=96&d=mm&r=g\",\"caption\":\"JBSUMINTERNATIONAL\"},\"sameAs\":[\"http:\\\/\\\/localhost\\\/PROJET%20SUM\"],\"url\":\"https:\\\/\\\/www.sum-internationale-rdc.org\\\/?author=1\"}]}<\/script>\n<!-- \/ Yoast SEO plugin. -->","yoast_head_json":{"title":"La repr\u00e9sentation de la SUM Internationale en France - Solidarit\u00e9 Universelle dans le Monde","robots":{"index":"index","follow":"follow","max-snippet":"max-snippet:-1","max-image-preview":"max-image-preview:large","max-video-preview":"max-video-preview:-1"},"canonical":"https:\/\/www.sum-internationale-rdc.org\/?p=390","og_locale":"fr_FR","og_type":"article","og_title":"La repr\u00e9sentation de la SUM Internationale en France - Solidarit\u00e9 Universelle dans le Monde","og_description":"Avec son pr\u00e9sident sectionnaire La Solidarit\u00e9 Universelle dans le Monde en France (SUM France) est repr\u00e9sent\u00e9e par Monsieur\u00a0ENTUKU DANIEL\u00a0qui occupe la fonction du pr\u00e9sident sectionnaire.","og_url":"https:\/\/www.sum-internationale-rdc.org\/?p=390","og_site_name":"Solidarit\u00e9 Universelle dans le Monde","article_publisher":"https:\/\/web.facebook.com\/people\/Solidarit-Universelle-dans-le-Monde-SUM\/61561887928109\/?rdid=4gDODy6RSZp48ASv&share_url=httpsweb.facebook.comshare1KUWq8e7VN_rdc1_rdr","article_published_time":"2025-01-17T09:16:40+00:00","article_modified_time":"2025-02-22T01:22:02+00:00","og_image":[{"width":2048,"height":1532,"url":"https:\/\/www.sum-internationale-rdc.org\/wp-content\/uploads\/2025\/01\/IMG-20250115-WA0013.jpg","type":"image\/jpeg"}],"author":"JBSUMINTERNATIONAL","twitter_card":"summary_large_image","twitter_misc":{"\u00c9crit par":"JBSUMINTERNATIONAL"},"schema":{"@context":"https:\/\/schema.org","@graph":[{"@type":"Article","@id":"https:\/\/www.sum-internationale-rdc.org\/?p=390#article","isPartOf":{"@id":"https:\/\/www.sum-internationale-rdc.org\/?p=390"},"author":{"name":"JBSUMINTERNATIONAL","@id":"https:\/\/www.sum-internationale-rdc.org\/#\/schema\/person\/2948cabcbf71c3a3af354db0f6c4fcb5"},"headline":"La repr\u00e9sentation de la SUM Internationale en France","datePublished":"2025-01-17T09:16:40+00:00","dateModified":"2025-02-22T01:22:02+00:00","mainEntityOfPage":{"@id":"https:\/\/www.sum-internationale-rdc.org\/?p=390"},"wordCount":40,"publisher":{"@id":"https:\/\/www.sum-internationale-rdc.org\/#organization"},"image":{"@id":"https:\/\/www.sum-internationale-rdc.org\/?p=390#primaryimage"},"thumbnailUrl":"https:\/\/www.sum-internationale-rdc.org\/wp-content\/uploads\/2025\/01\/IMG-20250115-WA0013.jpg","keywords":["Meilleure ONGD en RDC","meilleure organisation en RDC"],"articleSection":["Repr\u00e9sentation"],"inLanguage":"fr-FR"},{"@type":"WebPage","@id":"https:\/\/www.sum-internationale-rdc.org\/?p=390","url":"https:\/\/www.sum-internationale-rdc.org\/?p=390","name":"La repr\u00e9sentation de la SUM Internationale en France - Solidarit\u00e9 Universelle dans le Monde","isPartOf":{"@id":"https:\/\/www.sum-internationale-rdc.org\/#website"},"primaryImageOfPage":{"@id":"https:\/\/www.sum-internationale-rdc.org\/?p=390#primaryimage"},"image":{"@id":"https:\/\/www.sum-internationale-rdc.org\/?p=390#primaryimage"},"thumbnailUrl":"https:\/\/www.sum-internationale-rdc.org\/wp-content\/uploads\/2025\/01\/IMG-20250115-WA0013.jpg","datePublished":"2025-01-17T09:16:40+00:00","dateModified":"2025-02-22T01:22:02+00:00","breadcrumb":{"@id":"https:\/\/www.sum-internationale-rdc.org\/?p=390#breadcrumb"},"inLanguage":"fr-FR","potentialAction":[{"@type":"ReadAction","target":["https:\/\/www.sum-internationale-rdc.org\/?p=390"]}]},{"@type":"ImageObject","inLanguage":"fr-FR","@id":"https:\/\/www.sum-internationale-rdc.org\/?p=390#primaryimage","url":"https:\/\/www.sum-internationale-rdc.org\/wp-content\/uploads\/2025\/01\/IMG-20250115-WA0013.jpg","contentUrl":"https:\/\/www.sum-internationale-rdc.org\/wp-content\/uploads\/2025\/01\/IMG-20250115-WA0013.jpg","width":2048,"height":1532},{"@type":"BreadcrumbList","@id":"https:\/\/www.sum-internationale-rdc.org\/?p=390#breadcrumb","itemListElement":[{"@type":"ListItem","position":1,"name":"Accueil","item":"https:\/\/www.sum-internationale-rdc.org\/"},{"@type":"ListItem","position":2,"name":"La repr\u00e9sentation de la SUM Internationale en France"}]},{"@type":"WebSite","@id":"https:\/\/www.sum-internationale-rdc.org\/#website","url":"https:\/\/www.sum-internationale-rdc.org\/","name":"Solidarit\u00e9 Universelle dans le Monde","description":"Par nos actions, d\u00e9veloppons notre communaut\u00e9.","publisher":{"@id":"https:\/\/www.sum-internationale-rdc.org\/#organization"},"potentialAction":[{"@type":"SearchAction","target":{"@type":"EntryPoint","urlTemplate":"https:\/\/www.sum-internationale-rdc.org\/?s={search_term_string}"},"query-input":{"@type":"PropertyValueSpecification","valueRequired":true,"valueName":"search_term_string"}}],"inLanguage":"fr-FR"},{"@type":"Organization","@id":"https:\/\/www.sum-internationale-rdc.org\/#organization","name":"Solidarit\u00e9 Universelle dans le Monde","url":"https:\/\/www.sum-internationale-rdc.org\/","logo":{"@type":"ImageObject","inLanguage":"fr-FR","@id":"https:\/\/www.sum-internationale-rdc.org\/#\/schema\/logo\/image\/","url":"https:\/\/www.sum-internationale-rdc.org\/wp-content\/uploads\/2024\/12\/cropped-IMG-20240701-WA0002.jpg","contentUrl":"https:\/\/www.sum-internationale-rdc.org\/wp-content\/uploads\/2024\/12\/cropped-IMG-20240701-WA0002.jpg","width":712,"height":688,"caption":"Solidarit\u00e9 Universelle dans le Monde"},"image":{"@id":"https:\/\/www.sum-internationale-rdc.org\/#\/schema\/logo\/image\/"},"sameAs":["https:\/\/web.facebook.com\/people\/Solidarit-Universelle-dans-le-Monde-SUM\/61561887928109\/?rdid=4gDODy6RSZp48ASv&share_url=httpsweb.facebook.comshare1KUWq8e7VN_rdc1_rdr"]},{"@type":"Person","@id":"https:\/\/www.sum-internationale-rdc.org\/#\/schema\/person\/2948cabcbf71c3a3af354db0f6c4fcb5","name":"JBSUMINTERNATIONAL","image":{"@type":"ImageObject","inLanguage":"fr-FR","@id":"https:\/\/secure.gravatar.com\/avatar\/354f7406b237e235e0628b368bc255219b5bcf3640bd41edcf4caa618bb9e0da?s=96&d=mm&r=g","url":"https:\/\/secure.gravatar.com\/avatar\/354f7406b237e235e0628b368bc255219b5bcf3640bd41edcf4caa618bb9e0da?s=96&d=mm&r=g","contentUrl":"https:\/\/secure.gravatar.com\/avatar\/354f7406b237e235e0628b368bc255219b5bcf3640bd41edcf4caa618bb9e0da?s=96&d=mm&r=g","caption":"JBSUMINTERNATIONAL"},"sameAs":["http:\/\/localhost\/PROJET%20SUM"],"url":"https:\/\/www.sum-internationale-rdc.org\/?author=1"}]}},"_links":{"self":[{"href":"https:\/\/www.sum-internationale-rdc.org\/index.php?rest_route=\/wp\/v2\/posts\/390","targetHints":{"allow":["GET"]}}],"collection":[{"href":"https:\/\/www.sum-internationale-rdc.org\/index.php?rest_route=\/wp\/v2\/posts"}],"about":[{"href":"https:\/\/www.sum-internationale-rdc.org\/index.php?rest_route=\/wp\/v2\/types\/post"}],"author":[{"embeddable":true,"href":"https:\/\/www.sum-internationale-rdc.org\/index.php?rest_route=\/wp\/v2\/users\/1"}],"replies":[{"embeddable":true,"href":"https:\/\/www.sum-internationale-rdc.org\/index.php?rest_route=%2Fwp%2Fv2%2Fcomments&post=390"}],"version-history":[{"count":2,"href":"https:\/\/www.sum-internationale-rdc.org\/index.php?rest_route=\/wp\/v2\/posts\/390\/revisions"}],"predecessor-version":[{"id":438,"href":"https:\/\/www.sum-internationale-rdc.org\/index.php?rest_route=\/wp\/v2\/posts\/390\/revisions\/438"}],"wp:featuredmedia":[{"embeddable":true,"href":"https:\/\/www.sum-internationale-rdc.org\/index.php?rest_route=\/wp\/v2\/media\/397"}],"wp:attachment":[{"href":"https:\/\/www.sum-internationale-rdc.org\/index.php?rest_route=%2Fwp%2Fv2%2Fmedia&parent=390"}],"wp:term":[{"taxonomy":"category","embeddable":true,"href":"https:\/\/www.sum-internationale-rdc.org\/index.php?rest_route=%2Fwp%2Fv2%2Fcategories&post=390"},{"taxonomy":"post_tag","embeddable":true,"href":"https:\/\/www.sum-internationale-rdc.org\/index.php?rest_route=%2Fwp%2Fv2%2Ftags&post=390"}],"curies":[{"name":"wp","href":"https:\/\/api.w.org\/{rel}","templated":true}]}}