{"id":348,"date":"2025-01-14T05:52:25","date_gmt":"2025-01-14T04:52:25","guid":{"rendered":"http:\/\/localhost\/PROJET%20SUM\/?p=348"},"modified":"2025-02-22T02:23:41","modified_gmt":"2025-02-22T01:23:41","slug":"partenariat-sum-internationale-angola-avec-lassociation-aeda-de-la-france","status":"publish","type":"post","link":"https:\/\/www.sum-internationale-rdc.org\/?p=348","title":{"rendered":"Partenariat SUM Internationale Angola avec l&rsquo;association AEDA de la France"},"content":{"rendered":"\n<p><strong><em>Remise des articles scolaires aux enfants vuln\u00e9rables et orphelins de la municipalit\u00e9 de Benfica Luanda par l&rsquo;organisation SUM Internationale Angola en partenariat avec l&rsquo;association AEDA de la France.<\/em><\/strong><\/p>\n\n\n\n<figure class=\"wp-block-gallery has-nested-images columns-default is-cropped wp-block-gallery-1 is-layout-flex wp-block-gallery-is-layout-flex\">\n<figure class=\"wp-block-image size-large\"><img  title=\"\" loading=\"lazy\" decoding=\"async\" width=\"720\" height=\"522\" data-id=\"313\" src=\"http:\/\/localhost\/PROJET%20SUM\/wp-content\/uploads\/2025\/01\/IMG-20250109-WA0015.jpg\"  alt=\"IMG-20250109-WA0015 Partenariat SUM Internationale Angola avec l&#039;association AEDA de la France\"  class=\"wp-image-313\" srcset=\"https:\/\/www.sum-internationale-rdc.org\/wp-content\/uploads\/2025\/01\/IMG-20250109-WA0015.jpg 720w, https:\/\/www.sum-internationale-rdc.org\/wp-content\/uploads\/2025\/01\/IMG-20250109-WA0015-300x218.jpg 300w\" sizes=\"auto, (max-width: 720px) 100vw, 720px\" \/><\/figure>\n\n\n\n<figure class=\"wp-block-image size-large\"><img  title=\"\" loading=\"lazy\" decoding=\"async\" width=\"720\" height=\"484\" data-id=\"311\" src=\"http:\/\/localhost\/PROJET%20SUM\/wp-content\/uploads\/2025\/01\/IMG-20250109-WA0013.jpg\"  alt=\"IMG-20250109-WA0013 Partenariat SUM Internationale Angola avec l&#039;association AEDA de la France\"  class=\"wp-image-311\" srcset=\"https:\/\/www.sum-internationale-rdc.org\/wp-content\/uploads\/2025\/01\/IMG-20250109-WA0013.jpg 720w, https:\/\/www.sum-internationale-rdc.org\/wp-content\/uploads\/2025\/01\/IMG-20250109-WA0013-300x202.jpg 300w\" sizes=\"auto, (max-width: 720px) 100vw, 720px\" \/><\/figure>\n\n\n\n<figure class=\"wp-block-image size-large\"><img  title=\"\" loading=\"lazy\" decoding=\"async\" width=\"720\" height=\"537\" data-id=\"309\" src=\"http:\/\/localhost\/PROJET%20SUM\/wp-content\/uploads\/2025\/01\/IMG-20250109-WA0011.jpg\"  alt=\"IMG-20250109-WA0011 Partenariat SUM Internationale Angola avec l&#039;association AEDA de la France\"  class=\"wp-image-309\" srcset=\"https:\/\/www.sum-internationale-rdc.org\/wp-content\/uploads\/2025\/01\/IMG-20250109-WA0011.jpg 720w, https:\/\/www.sum-internationale-rdc.org\/wp-content\/uploads\/2025\/01\/IMG-20250109-WA0011-300x224.jpg 300w\" sizes=\"auto, (max-width: 720px) 100vw, 720px\" \/><\/figure>\n\n\n\n<figure class=\"wp-block-image size-large\"><img  title=\"\" loading=\"lazy\" decoding=\"async\" width=\"720\" height=\"535\" data-id=\"310\" src=\"http:\/\/localhost\/PROJET%20SUM\/wp-content\/uploads\/2025\/01\/IMG-20250109-WA0012.jpg\"  alt=\"IMG-20250109-WA0012 Partenariat SUM Internationale Angola avec l&#039;association AEDA de la France\"  class=\"wp-image-310\" srcset=\"https:\/\/www.sum-internationale-rdc.org\/wp-content\/uploads\/2025\/01\/IMG-20250109-WA0012.jpg 720w, https:\/\/www.sum-internationale-rdc.org\/wp-content\/uploads\/2025\/01\/IMG-20250109-WA0012-300x223.jpg 300w\" sizes=\"auto, (max-width: 720px) 100vw, 720px\" \/><\/figure>\n\n\n\n<figure class=\"wp-block-image size-large\"><img  title=\"\" loading=\"lazy\" decoding=\"async\" width=\"720\" height=\"447\" data-id=\"305\" src=\"http:\/\/localhost\/PROJET%20SUM\/wp-content\/uploads\/2025\/01\/IMG-20250109-WA0007.jpg\"  alt=\"IMG-20250109-WA0007 Partenariat SUM Internationale Angola avec l&#039;association AEDA de la France\"  class=\"wp-image-305\" srcset=\"https:\/\/www.sum-internationale-rdc.org\/wp-content\/uploads\/2025\/01\/IMG-20250109-WA0007.jpg 720w, https:\/\/www.sum-internationale-rdc.org\/wp-content\/uploads\/2025\/01\/IMG-20250109-WA0007-300x186.jpg 300w\" sizes=\"auto, (max-width: 720px) 100vw, 720px\" \/><\/figure>\n\n\n\n<figure class=\"wp-block-image size-large\"><img  title=\"\" loading=\"lazy\" decoding=\"async\" width=\"719\" height=\"500\" data-id=\"307\" src=\"http:\/\/localhost\/PROJET%20SUM\/wp-content\/uploads\/2025\/01\/IMG-20250109-WA0009.jpg\"  alt=\"IMG-20250109-WA0009 Partenariat SUM Internationale Angola avec l&#039;association AEDA de la France\"  class=\"wp-image-307\" srcset=\"https:\/\/www.sum-internationale-rdc.org\/wp-content\/uploads\/2025\/01\/IMG-20250109-WA0009.jpg 719w, https:\/\/www.sum-internationale-rdc.org\/wp-content\/uploads\/2025\/01\/IMG-20250109-WA0009-300x209.jpg 300w\" sizes=\"auto, (max-width: 719px) 100vw, 719px\" \/><\/figure>\n\n\n\n<figure class=\"wp-block-image size-large\"><img  title=\"\" loading=\"lazy\" decoding=\"async\" width=\"720\" height=\"496\" data-id=\"308\" src=\"http:\/\/localhost\/PROJET%20SUM\/wp-content\/uploads\/2025\/01\/IMG-20250109-WA0010.jpg\"  alt=\"IMG-20250109-WA0010 Partenariat SUM Internationale Angola avec l&#039;association AEDA de la France\"  class=\"wp-image-308\" srcset=\"https:\/\/www.sum-internationale-rdc.org\/wp-content\/uploads\/2025\/01\/IMG-20250109-WA0010.jpg 720w, https:\/\/www.sum-internationale-rdc.org\/wp-content\/uploads\/2025\/01\/IMG-20250109-WA0010-300x207.jpg 300w\" sizes=\"auto, (max-width: 720px) 100vw, 720px\" \/><\/figure>\n\n\n\n<figure class=\"wp-block-image size-large\"><img  title=\"\" loading=\"lazy\" decoding=\"async\" width=\"720\" height=\"498\" data-id=\"304\" src=\"http:\/\/localhost\/PROJET%20SUM\/wp-content\/uploads\/2025\/01\/IMG-20250109-WA0006-1.jpg\"  alt=\"IMG-20250109-WA0006-1 Partenariat SUM Internationale Angola avec l&#039;association AEDA de la France\"  class=\"wp-image-304\" srcset=\"https:\/\/www.sum-internationale-rdc.org\/wp-content\/uploads\/2025\/01\/IMG-20250109-WA0006-1.jpg 720w, https:\/\/www.sum-internationale-rdc.org\/wp-content\/uploads\/2025\/01\/IMG-20250109-WA0006-1-300x208.jpg 300w\" sizes=\"auto, (max-width: 720px) 100vw, 720px\" \/><\/figure>\n\n\n\n<figure class=\"wp-block-image size-large\"><img  title=\"\" loading=\"lazy\" decoding=\"async\" width=\"720\" height=\"482\" data-id=\"306\" src=\"http:\/\/localhost\/PROJET%20SUM\/wp-content\/uploads\/2025\/01\/IMG-20250109-WA0008.jpg\"  alt=\"IMG-20250109-WA0008 Partenariat SUM Internationale Angola avec l&#039;association AEDA de la France\"  class=\"wp-image-306\" srcset=\"https:\/\/www.sum-internationale-rdc.org\/wp-content\/uploads\/2025\/01\/IMG-20250109-WA0008.jpg 720w, https:\/\/www.sum-internationale-rdc.org\/wp-content\/uploads\/2025\/01\/IMG-20250109-WA0008-300x201.jpg 300w\" sizes=\"auto, (max-width: 720px) 100vw, 720px\" \/><\/figure>\n\n\n\n<figure class=\"wp-block-image size-large\"><img  title=\"\" loading=\"lazy\" decoding=\"async\" width=\"720\" height=\"515\" data-id=\"303\" src=\"http:\/\/localhost\/PROJET%20SUM\/wp-content\/uploads\/2025\/01\/IMG-20250109-WA0005.jpg\"  alt=\"IMG-20250109-WA0005 Partenariat SUM Internationale Angola avec l&#039;association AEDA de la France\"  class=\"wp-image-303\" srcset=\"https:\/\/www.sum-internationale-rdc.org\/wp-content\/uploads\/2025\/01\/IMG-20250109-WA0005.jpg 720w, https:\/\/www.sum-internationale-rdc.org\/wp-content\/uploads\/2025\/01\/IMG-20250109-WA0005-300x215.jpg 300w\" sizes=\"auto, (max-width: 720px) 100vw, 720px\" \/><\/figure>\n\n\n\n<figure class=\"wp-block-image size-large\"><img  title=\"\" loading=\"lazy\" decoding=\"async\" width=\"720\" height=\"540\" data-id=\"302\" src=\"http:\/\/localhost\/PROJET%20SUM\/wp-content\/uploads\/2025\/01\/IMG-20250109-WA0004.jpg\"  alt=\"IMG-20250109-WA0004 Partenariat SUM Internationale Angola avec l&#039;association AEDA de la France\"  class=\"wp-image-302\" srcset=\"https:\/\/www.sum-internationale-rdc.org\/wp-content\/uploads\/2025\/01\/IMG-20250109-WA0004.jpg 720w, https:\/\/www.sum-internationale-rdc.org\/wp-content\/uploads\/2025\/01\/IMG-20250109-WA0004-300x225.jpg 300w\" sizes=\"auto, (max-width: 720px) 100vw, 720px\" \/><\/figure>\n\n\n\n<figure class=\"wp-block-image size-large\"><img  title=\"\" loading=\"lazy\" decoding=\"async\" width=\"720\" height=\"540\" data-id=\"301\" src=\"http:\/\/localhost\/PROJET%20SUM\/wp-content\/uploads\/2025\/01\/IMG-20250109-WA0003.jpg\"  alt=\"IMG-20250109-WA0003 Partenariat SUM Internationale Angola avec l&#039;association AEDA de la France\"  class=\"wp-image-301\" srcset=\"https:\/\/www.sum-internationale-rdc.org\/wp-content\/uploads\/2025\/01\/IMG-20250109-WA0003.jpg 720w, https:\/\/www.sum-internationale-rdc.org\/wp-content\/uploads\/2025\/01\/IMG-20250109-WA0003-300x225.jpg 300w\" sizes=\"auto, (max-width: 720px) 100vw, 720px\" \/><\/figure>\n\n\n\n<figure class=\"wp-block-image size-large\"><img  title=\"\" loading=\"lazy\" decoding=\"async\" width=\"720\" height=\"540\" data-id=\"300\" src=\"http:\/\/localhost\/PROJET%20SUM\/wp-content\/uploads\/2025\/01\/IMG-20250109-WA0002.jpg\"  alt=\"IMG-20250109-WA0002 Partenariat SUM Internationale Angola avec l&#039;association AEDA de la France\"  class=\"wp-image-300\" srcset=\"https:\/\/www.sum-internationale-rdc.org\/wp-content\/uploads\/2025\/01\/IMG-20250109-WA0002.jpg 720w, https:\/\/www.sum-internationale-rdc.org\/wp-content\/uploads\/2025\/01\/IMG-20250109-WA0002-300x225.jpg 300w\" sizes=\"auto, (max-width: 720px) 100vw, 720px\" \/><\/figure>\n\n\n\n<figure class=\"wp-block-image size-large\"><img  title=\"\" loading=\"lazy\" decoding=\"async\" width=\"720\" height=\"540\" data-id=\"298\" src=\"http:\/\/localhost\/PROJET%20SUM\/wp-content\/uploads\/2025\/01\/IMG-20250109-WA0000.jpg\"  alt=\"IMG-20250109-WA0000 Partenariat SUM Internationale Angola avec l&#039;association AEDA de la France\"  class=\"wp-image-298\" srcset=\"https:\/\/www.sum-internationale-rdc.org\/wp-content\/uploads\/2025\/01\/IMG-20250109-WA0000.jpg 720w, https:\/\/www.sum-internationale-rdc.org\/wp-content\/uploads\/2025\/01\/IMG-20250109-WA0000-300x225.jpg 300w\" sizes=\"auto, (max-width: 720px) 100vw, 720px\" \/><\/figure>\n<\/figure>\n","protected":false},"excerpt":{"rendered":"<p>Remise des articles scolaires aux enfants vuln\u00e9rables et orphelins de la municipalit\u00e9 de Benfica Luanda par l&rsquo;organisation SUM Internationale Angola en partenariat avec l&rsquo;association AEDA de la France.<\/p>\n","protected":false},"author":1,"featured_media":310,"comment_status":"closed","ping_status":"closed","sticky":false,"template":"","format":"standard","meta":{"footnotes":""},"categories":[6],"tags":[13],"class_list":["post-348","post","type-post","status-publish","format-standard","has-post-thumbnail","hentry","category-aide-humanitaire","tag-meilleure-organisation-en-rdc"],"yoast_head":"<!-- This site is optimized with the Yoast SEO plugin v27.5 - https:\/\/yoast.com\/product\/yoast-seo-wordpress\/ -->\n<title>Partenariat SUM Internationale Angola avec l&#039;association AEDA de la France - Solidarit\u00e9 Universelle dans le Monde<\/title>\n<meta name=\"robots\" content=\"index, follow, max-snippet:-1, max-image-preview:large, max-video-preview:-1\" \/>\n<link rel=\"canonical\" href=\"https:\/\/www.sum-internationale-rdc.org\/?p=348\" \/>\n<meta property=\"og:locale\" content=\"fr_FR\" \/>\n<meta property=\"og:type\" content=\"article\" \/>\n<meta property=\"og:title\" content=\"Partenariat SUM Internationale Angola avec l&#039;association AEDA de la France - Solidarit\u00e9 Universelle dans le Monde\" \/>\n<meta property=\"og:description\" content=\"Remise des articles scolaires aux enfants vuln\u00e9rables et orphelins de la municipalit\u00e9 de Benfica Luanda par l&rsquo;organisation SUM Internationale Angola en partenariat avec l&rsquo;association AEDA de la France.\" \/>\n<meta property=\"og:url\" content=\"https:\/\/www.sum-internationale-rdc.org\/?p=348\" \/>\n<meta property=\"og:site_name\" content=\"Solidarit\u00e9 Universelle dans le Monde\" \/>\n<meta property=\"article:publisher\" content=\"https:\/\/web.facebook.com\/people\/Solidarit-Universelle-dans-le-Monde-SUM\/61561887928109\/?rdid=4gDODy6RSZp48ASv&amp;share_url=httpsweb.facebook.comshare1KUWq8e7VN_rdc1_rdr\" \/>\n<meta property=\"article:published_time\" content=\"2025-01-14T04:52:25+00:00\" \/>\n<meta property=\"article:modified_time\" content=\"2025-02-22T01:23:41+00:00\" \/>\n<meta property=\"og:image\" content=\"https:\/\/www.sum-internationale-rdc.org\/wp-content\/uploads\/2025\/01\/IMG-20250109-WA0012.jpg\" \/>\n\t<meta property=\"og:image:width\" content=\"720\" \/>\n\t<meta property=\"og:image:height\" content=\"535\" \/>\n\t<meta property=\"og:image:type\" content=\"image\/jpeg\" \/>\n<meta name=\"author\" content=\"JBSUMINTERNATIONAL\" \/>\n<meta name=\"twitter:card\" content=\"summary_large_image\" \/>\n<meta name=\"twitter:label1\" content=\"\u00c9crit par\" \/>\n\t<meta name=\"twitter:data1\" content=\"JBSUMINTERNATIONAL\" \/>\n<script type=\"application\/ld+json\" class=\"yoast-schema-graph\">{\"@context\":\"https:\\\/\\\/schema.org\",\"@graph\":[{\"@type\":\"Article\",\"@id\":\"https:\\\/\\\/www.sum-internationale-rdc.org\\\/?p=348#article\",\"isPartOf\":{\"@id\":\"https:\\\/\\\/www.sum-internationale-rdc.org\\\/?p=348\"},\"author\":{\"name\":\"JBSUMINTERNATIONAL\",\"@id\":\"https:\\\/\\\/www.sum-internationale-rdc.org\\\/#\\\/schema\\\/person\\\/2948cabcbf71c3a3af354db0f6c4fcb5\"},\"headline\":\"Partenariat SUM Internationale Angola avec l&rsquo;association AEDA de la France\",\"datePublished\":\"2025-01-14T04:52:25+00:00\",\"dateModified\":\"2025-02-22T01:23:41+00:00\",\"mainEntityOfPage\":{\"@id\":\"https:\\\/\\\/www.sum-internationale-rdc.org\\\/?p=348\"},\"wordCount\":42,\"publisher\":{\"@id\":\"https:\\\/\\\/www.sum-internationale-rdc.org\\\/#organization\"},\"image\":{\"@id\":\"https:\\\/\\\/www.sum-internationale-rdc.org\\\/?p=348#primaryimage\"},\"thumbnailUrl\":\"https:\\\/\\\/www.sum-internationale-rdc.org\\\/wp-content\\\/uploads\\\/2025\\\/01\\\/IMG-20250109-WA0012.jpg\",\"keywords\":[\"meilleure organisation en RDC\"],\"articleSection\":[\"Aide Humanitaire\"],\"inLanguage\":\"fr-FR\"},{\"@type\":\"WebPage\",\"@id\":\"https:\\\/\\\/www.sum-internationale-rdc.org\\\/?p=348\",\"url\":\"https:\\\/\\\/www.sum-internationale-rdc.org\\\/?p=348\",\"name\":\"Partenariat SUM Internationale Angola avec l'association AEDA de la France - Solidarit\u00e9 Universelle dans le Monde\",\"isPartOf\":{\"@id\":\"https:\\\/\\\/www.sum-internationale-rdc.org\\\/#website\"},\"primaryImageOfPage\":{\"@id\":\"https:\\\/\\\/www.sum-internationale-rdc.org\\\/?p=348#primaryimage\"},\"image\":{\"@id\":\"https:\\\/\\\/www.sum-internationale-rdc.org\\\/?p=348#primaryimage\"},\"thumbnailUrl\":\"https:\\\/\\\/www.sum-internationale-rdc.org\\\/wp-content\\\/uploads\\\/2025\\\/01\\\/IMG-20250109-WA0012.jpg\",\"datePublished\":\"2025-01-14T04:52:25+00:00\",\"dateModified\":\"2025-02-22T01:23:41+00:00\",\"breadcrumb\":{\"@id\":\"https:\\\/\\\/www.sum-internationale-rdc.org\\\/?p=348#breadcrumb\"},\"inLanguage\":\"fr-FR\",\"potentialAction\":[{\"@type\":\"ReadAction\",\"target\":[\"https:\\\/\\\/www.sum-internationale-rdc.org\\\/?p=348\"]}]},{\"@type\":\"ImageObject\",\"inLanguage\":\"fr-FR\",\"@id\":\"https:\\\/\\\/www.sum-internationale-rdc.org\\\/?p=348#primaryimage\",\"url\":\"https:\\\/\\\/www.sum-internationale-rdc.org\\\/wp-content\\\/uploads\\\/2025\\\/01\\\/IMG-20250109-WA0012.jpg\",\"contentUrl\":\"https:\\\/\\\/www.sum-internationale-rdc.org\\\/wp-content\\\/uploads\\\/2025\\\/01\\\/IMG-20250109-WA0012.jpg\",\"width\":720,\"height\":535},{\"@type\":\"BreadcrumbList\",\"@id\":\"https:\\\/\\\/www.sum-internationale-rdc.org\\\/?p=348#breadcrumb\",\"itemListElement\":[{\"@type\":\"ListItem\",\"position\":1,\"name\":\"Accueil\",\"item\":\"https:\\\/\\\/www.sum-internationale-rdc.org\\\/\"},{\"@type\":\"ListItem\",\"position\":2,\"name\":\"Partenariat SUM Internationale Angola avec l&rsquo;association AEDA de la France\"}]},{\"@type\":\"WebSite\",\"@id\":\"https:\\\/\\\/www.sum-internationale-rdc.org\\\/#website\",\"url\":\"https:\\\/\\\/www.sum-internationale-rdc.org\\\/\",\"name\":\"Solidarit\u00e9 Universelle dans le Monde\",\"description\":\"Par nos actions, d\u00e9veloppons notre communaut\u00e9.\",\"publisher\":{\"@id\":\"https:\\\/\\\/www.sum-internationale-rdc.org\\\/#organization\"},\"potentialAction\":[{\"@type\":\"SearchAction\",\"target\":{\"@type\":\"EntryPoint\",\"urlTemplate\":\"https:\\\/\\\/www.sum-internationale-rdc.org\\\/?s={search_term_string}\"},\"query-input\":{\"@type\":\"PropertyValueSpecification\",\"valueRequired\":true,\"valueName\":\"search_term_string\"}}],\"inLanguage\":\"fr-FR\"},{\"@type\":\"Organization\",\"@id\":\"https:\\\/\\\/www.sum-internationale-rdc.org\\\/#organization\",\"name\":\"Solidarit\u00e9 Universelle dans le Monde\",\"url\":\"https:\\\/\\\/www.sum-internationale-rdc.org\\\/\",\"logo\":{\"@type\":\"ImageObject\",\"inLanguage\":\"fr-FR\",\"@id\":\"https:\\\/\\\/www.sum-internationale-rdc.org\\\/#\\\/schema\\\/logo\\\/image\\\/\",\"url\":\"https:\\\/\\\/www.sum-internationale-rdc.org\\\/wp-content\\\/uploads\\\/2024\\\/12\\\/cropped-IMG-20240701-WA0002.jpg\",\"contentUrl\":\"https:\\\/\\\/www.sum-internationale-rdc.org\\\/wp-content\\\/uploads\\\/2024\\\/12\\\/cropped-IMG-20240701-WA0002.jpg\",\"width\":712,\"height\":688,\"caption\":\"Solidarit\u00e9 Universelle dans le Monde\"},\"image\":{\"@id\":\"https:\\\/\\\/www.sum-internationale-rdc.org\\\/#\\\/schema\\\/logo\\\/image\\\/\"},\"sameAs\":[\"https:\\\/\\\/web.facebook.com\\\/people\\\/Solidarit-Universelle-dans-le-Monde-SUM\\\/61561887928109\\\/?rdid=4gDODy6RSZp48ASv&share_url=httpsweb.facebook.comshare1KUWq8e7VN_rdc1_rdr\"]},{\"@type\":\"Person\",\"@id\":\"https:\\\/\\\/www.sum-internationale-rdc.org\\\/#\\\/schema\\\/person\\\/2948cabcbf71c3a3af354db0f6c4fcb5\",\"name\":\"JBSUMINTERNATIONAL\",\"image\":{\"@type\":\"ImageObject\",\"inLanguage\":\"fr-FR\",\"@id\":\"https:\\\/\\\/secure.gravatar.com\\\/avatar\\\/354f7406b237e235e0628b368bc255219b5bcf3640bd41edcf4caa618bb9e0da?s=96&d=mm&r=g\",\"url\":\"https:\\\/\\\/secure.gravatar.com\\\/avatar\\\/354f7406b237e235e0628b368bc255219b5bcf3640bd41edcf4caa618bb9e0da?s=96&d=mm&r=g\",\"contentUrl\":\"https:\\\/\\\/secure.gravatar.com\\\/avatar\\\/354f7406b237e235e0628b368bc255219b5bcf3640bd41edcf4caa618bb9e0da?s=96&d=mm&r=g\",\"caption\":\"JBSUMINTERNATIONAL\"},\"sameAs\":[\"http:\\\/\\\/localhost\\\/PROJET%20SUM\"],\"url\":\"https:\\\/\\\/www.sum-internationale-rdc.org\\\/?author=1\"}]}<\/script>\n<!-- \/ Yoast SEO plugin. -->","yoast_head_json":{"title":"Partenariat SUM Internationale Angola avec l'association AEDA de la France - Solidarit\u00e9 Universelle dans le Monde","robots":{"index":"index","follow":"follow","max-snippet":"max-snippet:-1","max-image-preview":"max-image-preview:large","max-video-preview":"max-video-preview:-1"},"canonical":"https:\/\/www.sum-internationale-rdc.org\/?p=348","og_locale":"fr_FR","og_type":"article","og_title":"Partenariat SUM Internationale Angola avec l'association AEDA de la France - Solidarit\u00e9 Universelle dans le Monde","og_description":"Remise des articles scolaires aux enfants vuln\u00e9rables et orphelins de la municipalit\u00e9 de Benfica Luanda par l&rsquo;organisation SUM Internationale Angola en partenariat avec l&rsquo;association AEDA de la France.","og_url":"https:\/\/www.sum-internationale-rdc.org\/?p=348","og_site_name":"Solidarit\u00e9 Universelle dans le Monde","article_publisher":"https:\/\/web.facebook.com\/people\/Solidarit-Universelle-dans-le-Monde-SUM\/61561887928109\/?rdid=4gDODy6RSZp48ASv&share_url=httpsweb.facebook.comshare1KUWq8e7VN_rdc1_rdr","article_published_time":"2025-01-14T04:52:25+00:00","article_modified_time":"2025-02-22T01:23:41+00:00","og_image":[{"width":720,"height":535,"url":"https:\/\/www.sum-internationale-rdc.org\/wp-content\/uploads\/2025\/01\/IMG-20250109-WA0012.jpg","type":"image\/jpeg"}],"author":"JBSUMINTERNATIONAL","twitter_card":"summary_large_image","twitter_misc":{"\u00c9crit par":"JBSUMINTERNATIONAL"},"schema":{"@context":"https:\/\/schema.org","@graph":[{"@type":"Article","@id":"https:\/\/www.sum-internationale-rdc.org\/?p=348#article","isPartOf":{"@id":"https:\/\/www.sum-internationale-rdc.org\/?p=348"},"author":{"name":"JBSUMINTERNATIONAL","@id":"https:\/\/www.sum-internationale-rdc.org\/#\/schema\/person\/2948cabcbf71c3a3af354db0f6c4fcb5"},"headline":"Partenariat SUM Internationale Angola avec l&rsquo;association AEDA de la France","datePublished":"2025-01-14T04:52:25+00:00","dateModified":"2025-02-22T01:23:41+00:00","mainEntityOfPage":{"@id":"https:\/\/www.sum-internationale-rdc.org\/?p=348"},"wordCount":42,"publisher":{"@id":"https:\/\/www.sum-internationale-rdc.org\/#organization"},"image":{"@id":"https:\/\/www.sum-internationale-rdc.org\/?p=348#primaryimage"},"thumbnailUrl":"https:\/\/www.sum-internationale-rdc.org\/wp-content\/uploads\/2025\/01\/IMG-20250109-WA0012.jpg","keywords":["meilleure organisation en RDC"],"articleSection":["Aide Humanitaire"],"inLanguage":"fr-FR"},{"@type":"WebPage","@id":"https:\/\/www.sum-internationale-rdc.org\/?p=348","url":"https:\/\/www.sum-internationale-rdc.org\/?p=348","name":"Partenariat SUM Internationale Angola avec l'association AEDA de la France - Solidarit\u00e9 Universelle dans le Monde","isPartOf":{"@id":"https:\/\/www.sum-internationale-rdc.org\/#website"},"primaryImageOfPage":{"@id":"https:\/\/www.sum-internationale-rdc.org\/?p=348#primaryimage"},"image":{"@id":"https:\/\/www.sum-internationale-rdc.org\/?p=348#primaryimage"},"thumbnailUrl":"https:\/\/www.sum-internationale-rdc.org\/wp-content\/uploads\/2025\/01\/IMG-20250109-WA0012.jpg","datePublished":"2025-01-14T04:52:25+00:00","dateModified":"2025-02-22T01:23:41+00:00","breadcrumb":{"@id":"https:\/\/www.sum-internationale-rdc.org\/?p=348#breadcrumb"},"inLanguage":"fr-FR","potentialAction":[{"@type":"ReadAction","target":["https:\/\/www.sum-internationale-rdc.org\/?p=348"]}]},{"@type":"ImageObject","inLanguage":"fr-FR","@id":"https:\/\/www.sum-internationale-rdc.org\/?p=348#primaryimage","url":"https:\/\/www.sum-internationale-rdc.org\/wp-content\/uploads\/2025\/01\/IMG-20250109-WA0012.jpg","contentUrl":"https:\/\/www.sum-internationale-rdc.org\/wp-content\/uploads\/2025\/01\/IMG-20250109-WA0012.jpg","width":720,"height":535},{"@type":"BreadcrumbList","@id":"https:\/\/www.sum-internationale-rdc.org\/?p=348#breadcrumb","itemListElement":[{"@type":"ListItem","position":1,"name":"Accueil","item":"https:\/\/www.sum-internationale-rdc.org\/"},{"@type":"ListItem","position":2,"name":"Partenariat SUM Internationale Angola avec l&rsquo;association AEDA de la France"}]},{"@type":"WebSite","@id":"https:\/\/www.sum-internationale-rdc.org\/#website","url":"https:\/\/www.sum-internationale-rdc.org\/","name":"Solidarit\u00e9 Universelle dans le Monde","description":"Par nos actions, d\u00e9veloppons notre communaut\u00e9.","publisher":{"@id":"https:\/\/www.sum-internationale-rdc.org\/#organization"},"potentialAction":[{"@type":"SearchAction","target":{"@type":"EntryPoint","urlTemplate":"https:\/\/www.sum-internationale-rdc.org\/?s={search_term_string}"},"query-input":{"@type":"PropertyValueSpecification","valueRequired":true,"valueName":"search_term_string"}}],"inLanguage":"fr-FR"},{"@type":"Organization","@id":"https:\/\/www.sum-internationale-rdc.org\/#organization","name":"Solidarit\u00e9 Universelle dans le Monde","url":"https:\/\/www.sum-internationale-rdc.org\/","logo":{"@type":"ImageObject","inLanguage":"fr-FR","@id":"https:\/\/www.sum-internationale-rdc.org\/#\/schema\/logo\/image\/","url":"https:\/\/www.sum-internationale-rdc.org\/wp-content\/uploads\/2024\/12\/cropped-IMG-20240701-WA0002.jpg","contentUrl":"https:\/\/www.sum-internationale-rdc.org\/wp-content\/uploads\/2024\/12\/cropped-IMG-20240701-WA0002.jpg","width":712,"height":688,"caption":"Solidarit\u00e9 Universelle dans le Monde"},"image":{"@id":"https:\/\/www.sum-internationale-rdc.org\/#\/schema\/logo\/image\/"},"sameAs":["https:\/\/web.facebook.com\/people\/Solidarit-Universelle-dans-le-Monde-SUM\/61561887928109\/?rdid=4gDODy6RSZp48ASv&share_url=httpsweb.facebook.comshare1KUWq8e7VN_rdc1_rdr"]},{"@type":"Person","@id":"https:\/\/www.sum-internationale-rdc.org\/#\/schema\/person\/2948cabcbf71c3a3af354db0f6c4fcb5","name":"JBSUMINTERNATIONAL","image":{"@type":"ImageObject","inLanguage":"fr-FR","@id":"https:\/\/secure.gravatar.com\/avatar\/354f7406b237e235e0628b368bc255219b5bcf3640bd41edcf4caa618bb9e0da?s=96&d=mm&r=g","url":"https:\/\/secure.gravatar.com\/avatar\/354f7406b237e235e0628b368bc255219b5bcf3640bd41edcf4caa618bb9e0da?s=96&d=mm&r=g","contentUrl":"https:\/\/secure.gravatar.com\/avatar\/354f7406b237e235e0628b368bc255219b5bcf3640bd41edcf4caa618bb9e0da?s=96&d=mm&r=g","caption":"JBSUMINTERNATIONAL"},"sameAs":["http:\/\/localhost\/PROJET%20SUM"],"url":"https:\/\/www.sum-internationale-rdc.org\/?author=1"}]}},"_links":{"self":[{"href":"https:\/\/www.sum-internationale-rdc.org\/index.php?rest_route=\/wp\/v2\/posts\/348","targetHints":{"allow":["GET"]}}],"collection":[{"href":"https:\/\/www.sum-internationale-rdc.org\/index.php?rest_route=\/wp\/v2\/posts"}],"about":[{"href":"https:\/\/www.sum-internationale-rdc.org\/index.php?rest_route=\/wp\/v2\/types\/post"}],"author":[{"embeddable":true,"href":"https:\/\/www.sum-internationale-rdc.org\/index.php?rest_route=\/wp\/v2\/users\/1"}],"replies":[{"embeddable":true,"href":"https:\/\/www.sum-internationale-rdc.org\/index.php?rest_route=%2Fwp%2Fv2%2Fcomments&post=348"}],"version-history":[{"count":2,"href":"https:\/\/www.sum-internationale-rdc.org\/index.php?rest_route=\/wp\/v2\/posts\/348\/revisions"}],"predecessor-version":[{"id":462,"href":"https:\/\/www.sum-internationale-rdc.org\/index.php?rest_route=\/wp\/v2\/posts\/348\/revisions\/462"}],"wp:featuredmedia":[{"embeddable":true,"href":"https:\/\/www.sum-internationale-rdc.org\/index.php?rest_route=\/wp\/v2\/media\/310"}],"wp:attachment":[{"href":"https:\/\/www.sum-internationale-rdc.org\/index.php?rest_route=%2Fwp%2Fv2%2Fmedia&parent=348"}],"wp:term":[{"taxonomy":"category","embeddable":true,"href":"https:\/\/www.sum-internationale-rdc.org\/index.php?rest_route=%2Fwp%2Fv2%2Fcategories&post=348"},{"taxonomy":"post_tag","embeddable":true,"href":"https:\/\/www.sum-internationale-rdc.org\/index.php?rest_route=%2Fwp%2Fv2%2Ftags&post=348"}],"curies":[{"name":"wp","href":"https:\/\/api.w.org\/{rel}","templated":true}]}}