{"id":258,"date":"2025-01-08T05:17:55","date_gmt":"2025-01-08T04:17:55","guid":{"rendered":"http:\/\/localhost\/PROJET%20SUM\/?p=258"},"modified":"2025-02-22T02:24:08","modified_gmt":"2025-02-22T01:24:08","slug":"remise-des-brevets-au-femmes-entrepreneures-de-la-sum-internationale-en-presence-de-lautorite-politico-administrative-a-matadi","status":"publish","type":"post","link":"https:\/\/www.sum-internationale-rdc.org\/?p=258","title":{"rendered":"Remise des brevets aux femmes entrepreneures de la SUM Internationale en pr\u00e9sence de l&rsquo;autorit\u00e9 politico-administrative de Matadi"},"content":{"rendered":"\n<p><em>Remise des cadeaux de la Solidarit\u00e9 Universelle dans le Monde (SUM) aux Bourgmestres communaux de Nzanza et Mvuzi respectivement Ma\u00eetre <strong>NANA ESTHER<\/strong> et <strong>M. OSCAR<\/strong> repr\u00e9sent\u00e9 par le chef du quartier MONGO et l&rsquo;honorable d\u00e9put\u00e9 Provincial <strong>JUIF MANIANGA<\/strong>.<\/em><\/p>\n\n\n\n<figure class=\"wp-block-gallery has-nested-images columns-default is-cropped wp-block-gallery-1 is-layout-flex wp-block-gallery-is-layout-flex\">\n<figure class=\"wp-block-image size-large\"><img  title=\"\" loading=\"lazy\" decoding=\"async\" width=\"1024\" height=\"461\" data-id=\"319\" src=\"http:\/\/localhost\/PROJET%20SUM\/wp-content\/uploads\/2025\/01\/IMG-20250109-WA0021-1024x461.jpg\"  alt=\"IMG-20250109-WA0021-1024x461 Remise des brevets aux femmes entrepreneures de la SUM Internationale en pr\u00e9sence de l&#039;autorit\u00e9 politico-administrative de Matadi\"  class=\"wp-image-319\" srcset=\"https:\/\/www.sum-internationale-rdc.org\/wp-content\/uploads\/2025\/01\/IMG-20250109-WA0021-1024x461.jpg 1024w, https:\/\/www.sum-internationale-rdc.org\/wp-content\/uploads\/2025\/01\/IMG-20250109-WA0021-300x135.jpg 300w, https:\/\/www.sum-internationale-rdc.org\/wp-content\/uploads\/2025\/01\/IMG-20250109-WA0021-768x346.jpg 768w, https:\/\/www.sum-internationale-rdc.org\/wp-content\/uploads\/2025\/01\/IMG-20250109-WA0021.jpg 1080w\" sizes=\"auto, (max-width: 1024px) 100vw, 1024px\" \/><\/figure>\n<\/figure>\n\n\n\n<figure class=\"wp-block-gallery has-nested-images columns-default is-cropped wp-block-gallery-2 is-layout-flex wp-block-gallery-is-layout-flex\">\n<figure class=\"wp-block-image size-large\"><img  title=\"\" loading=\"lazy\" decoding=\"async\" width=\"461\" height=\"1024\" data-id=\"323\" src=\"http:\/\/localhost\/PROJET%20SUM\/wp-content\/uploads\/2025\/01\/IMG-20250109-WA0025-461x1024.jpg\"  alt=\"IMG-20250109-WA0025-461x1024 Remise des brevets aux femmes entrepreneures de la SUM Internationale en pr\u00e9sence de l&#039;autorit\u00e9 politico-administrative de Matadi\"  class=\"wp-image-323\" srcset=\"https:\/\/www.sum-internationale-rdc.org\/wp-content\/uploads\/2025\/01\/IMG-20250109-WA0025-461x1024.jpg 461w, https:\/\/www.sum-internationale-rdc.org\/wp-content\/uploads\/2025\/01\/IMG-20250109-WA0025-135x300.jpg 135w, https:\/\/www.sum-internationale-rdc.org\/wp-content\/uploads\/2025\/01\/IMG-20250109-WA0025.jpg 486w\" sizes=\"auto, (max-width: 461px) 100vw, 461px\" \/><\/figure>\n\n\n\n<figure class=\"wp-block-image size-large\"><img  title=\"\" loading=\"lazy\" decoding=\"async\" width=\"461\" height=\"1024\" data-id=\"327\" src=\"http:\/\/localhost\/PROJET%20SUM\/wp-content\/uploads\/2025\/01\/IMG-20250109-WA0029-461x1024.jpg\"  alt=\"IMG-20250109-WA0029-461x1024 Remise des brevets aux femmes entrepreneures de la SUM Internationale en pr\u00e9sence de l&#039;autorit\u00e9 politico-administrative de Matadi\"  class=\"wp-image-327\" srcset=\"https:\/\/www.sum-internationale-rdc.org\/wp-content\/uploads\/2025\/01\/IMG-20250109-WA0029-461x1024.jpg 461w, https:\/\/www.sum-internationale-rdc.org\/wp-content\/uploads\/2025\/01\/IMG-20250109-WA0029-135x300.jpg 135w, https:\/\/www.sum-internationale-rdc.org\/wp-content\/uploads\/2025\/01\/IMG-20250109-WA0029.jpg 486w\" sizes=\"auto, (max-width: 461px) 100vw, 461px\" \/><\/figure>\n\n\n\n<figure class=\"wp-block-image size-large\"><img  title=\"\" loading=\"lazy\" decoding=\"async\" width=\"461\" height=\"1024\" data-id=\"326\" src=\"http:\/\/localhost\/PROJET%20SUM\/wp-content\/uploads\/2025\/01\/IMG-20250109-WA0028-461x1024.jpg\"  alt=\"IMG-20250109-WA0028-461x1024 Remise des brevets aux femmes entrepreneures de la SUM Internationale en pr\u00e9sence de l&#039;autorit\u00e9 politico-administrative de Matadi\"  class=\"wp-image-326\" srcset=\"https:\/\/www.sum-internationale-rdc.org\/wp-content\/uploads\/2025\/01\/IMG-20250109-WA0028-461x1024.jpg 461w, https:\/\/www.sum-internationale-rdc.org\/wp-content\/uploads\/2025\/01\/IMG-20250109-WA0028-135x300.jpg 135w, https:\/\/www.sum-internationale-rdc.org\/wp-content\/uploads\/2025\/01\/IMG-20250109-WA0028.jpg 486w\" sizes=\"auto, (max-width: 461px) 100vw, 461px\" \/><\/figure>\n\n\n\n<figure class=\"wp-block-image size-large\"><img  title=\"\" loading=\"lazy\" decoding=\"async\" width=\"461\" height=\"1024\" data-id=\"328\" src=\"http:\/\/localhost\/PROJET%20SUM\/wp-content\/uploads\/2025\/01\/IMG-20250109-WA0030-461x1024.jpg\"  alt=\"IMG-20250109-WA0030-461x1024 Remise des brevets aux femmes entrepreneures de la SUM Internationale en pr\u00e9sence de l&#039;autorit\u00e9 politico-administrative de Matadi\"  class=\"wp-image-328\" srcset=\"https:\/\/www.sum-internationale-rdc.org\/wp-content\/uploads\/2025\/01\/IMG-20250109-WA0030-461x1024.jpg 461w, https:\/\/www.sum-internationale-rdc.org\/wp-content\/uploads\/2025\/01\/IMG-20250109-WA0030-135x300.jpg 135w, https:\/\/www.sum-internationale-rdc.org\/wp-content\/uploads\/2025\/01\/IMG-20250109-WA0030.jpg 486w\" sizes=\"auto, (max-width: 461px) 100vw, 461px\" \/><\/figure>\n\n\n\n<figure class=\"wp-block-image size-large\"><img  title=\"\" loading=\"lazy\" decoding=\"async\" width=\"461\" height=\"1024\" data-id=\"324\" src=\"http:\/\/localhost\/PROJET%20SUM\/wp-content\/uploads\/2025\/01\/IMG-20250109-WA0026-461x1024.jpg\"  alt=\"IMG-20250109-WA0026-461x1024 Remise des brevets aux femmes entrepreneures de la SUM Internationale en pr\u00e9sence de l&#039;autorit\u00e9 politico-administrative de Matadi\"  class=\"wp-image-324\" srcset=\"https:\/\/www.sum-internationale-rdc.org\/wp-content\/uploads\/2025\/01\/IMG-20250109-WA0026-461x1024.jpg 461w, https:\/\/www.sum-internationale-rdc.org\/wp-content\/uploads\/2025\/01\/IMG-20250109-WA0026-135x300.jpg 135w, https:\/\/www.sum-internationale-rdc.org\/wp-content\/uploads\/2025\/01\/IMG-20250109-WA0026.jpg 486w\" sizes=\"auto, (max-width: 461px) 100vw, 461px\" \/><\/figure>\n\n\n\n<figure class=\"wp-block-image size-large\"><img  title=\"\" loading=\"lazy\" decoding=\"async\" width=\"1024\" height=\"461\" data-id=\"322\" src=\"http:\/\/localhost\/PROJET%20SUM\/wp-content\/uploads\/2025\/01\/IMG-20250109-WA0024-1024x461.jpg\"  alt=\"IMG-20250109-WA0024-1024x461 Remise des brevets aux femmes entrepreneures de la SUM Internationale en pr\u00e9sence de l&#039;autorit\u00e9 politico-administrative de Matadi\"  class=\"wp-image-322\" srcset=\"https:\/\/www.sum-internationale-rdc.org\/wp-content\/uploads\/2025\/01\/IMG-20250109-WA0024-1024x461.jpg 1024w, https:\/\/www.sum-internationale-rdc.org\/wp-content\/uploads\/2025\/01\/IMG-20250109-WA0024-300x135.jpg 300w, https:\/\/www.sum-internationale-rdc.org\/wp-content\/uploads\/2025\/01\/IMG-20250109-WA0024-768x346.jpg 768w, https:\/\/www.sum-internationale-rdc.org\/wp-content\/uploads\/2025\/01\/IMG-20250109-WA0024.jpg 1080w\" sizes=\"auto, (max-width: 1024px) 100vw, 1024px\" \/><\/figure>\n\n\n\n<figure class=\"wp-block-image size-large\"><img  title=\"\" loading=\"lazy\" decoding=\"async\" width=\"461\" height=\"1024\" data-id=\"317\" src=\"http:\/\/localhost\/PROJET%20SUM\/wp-content\/uploads\/2025\/01\/IMG-20250109-WA0019-461x1024.jpg\"  alt=\"IMG-20250109-WA0019-461x1024 Remise des brevets aux femmes entrepreneures de la SUM Internationale en pr\u00e9sence de l&#039;autorit\u00e9 politico-administrative de Matadi\"  class=\"wp-image-317\" srcset=\"https:\/\/www.sum-internationale-rdc.org\/wp-content\/uploads\/2025\/01\/IMG-20250109-WA0019-461x1024.jpg 461w, https:\/\/www.sum-internationale-rdc.org\/wp-content\/uploads\/2025\/01\/IMG-20250109-WA0019-135x300.jpg 135w, https:\/\/www.sum-internationale-rdc.org\/wp-content\/uploads\/2025\/01\/IMG-20250109-WA0019.jpg 486w\" sizes=\"auto, (max-width: 461px) 100vw, 461px\" \/><\/figure>\n\n\n\n<figure class=\"wp-block-image size-large\"><img  title=\"\" loading=\"lazy\" decoding=\"async\" width=\"461\" height=\"1024\" data-id=\"318\" src=\"http:\/\/localhost\/PROJET%20SUM\/wp-content\/uploads\/2025\/01\/IMG-20250109-WA0020-461x1024.jpg\"  alt=\"IMG-20250109-WA0020-461x1024 Remise des brevets aux femmes entrepreneures de la SUM Internationale en pr\u00e9sence de l&#039;autorit\u00e9 politico-administrative de Matadi\"  class=\"wp-image-318\" srcset=\"https:\/\/www.sum-internationale-rdc.org\/wp-content\/uploads\/2025\/01\/IMG-20250109-WA0020-461x1024.jpg 461w, https:\/\/www.sum-internationale-rdc.org\/wp-content\/uploads\/2025\/01\/IMG-20250109-WA0020-135x300.jpg 135w, https:\/\/www.sum-internationale-rdc.org\/wp-content\/uploads\/2025\/01\/IMG-20250109-WA0020.jpg 486w\" sizes=\"auto, (max-width: 461px) 100vw, 461px\" \/><\/figure>\n\n\n\n<figure class=\"wp-block-image size-large\"><img  title=\"\" loading=\"lazy\" decoding=\"async\" width=\"461\" height=\"1024\" data-id=\"315\" src=\"http:\/\/localhost\/PROJET%20SUM\/wp-content\/uploads\/2025\/01\/IMG-20250109-WA0017-461x1024.jpg\"  alt=\"IMG-20250109-WA0017-461x1024 Remise des brevets aux femmes entrepreneures de la SUM Internationale en pr\u00e9sence de l&#039;autorit\u00e9 politico-administrative de Matadi\"  class=\"wp-image-315\" srcset=\"https:\/\/www.sum-internationale-rdc.org\/wp-content\/uploads\/2025\/01\/IMG-20250109-WA0017-461x1024.jpg 461w, https:\/\/www.sum-internationale-rdc.org\/wp-content\/uploads\/2025\/01\/IMG-20250109-WA0017-135x300.jpg 135w, https:\/\/www.sum-internationale-rdc.org\/wp-content\/uploads\/2025\/01\/IMG-20250109-WA0017.jpg 486w\" sizes=\"auto, (max-width: 461px) 100vw, 461px\" \/><\/figure>\n<\/figure>\n\n\n\n<p><\/p>\n","protected":false},"excerpt":{"rendered":"<p>Remise des cadeaux de la Solidarit\u00e9 Universelle dans le Monde (SUM) aux Bourgmestres communaux de Nzanza et Mvuzi respectivement Ma\u00eetre NANA ESTHER et M. OSCAR repr\u00e9sent\u00e9 par le chef du quartier MONGO et l&rsquo;honorable d\u00e9put\u00e9 Provincial JUIF MANIANGA.<\/p>\n","protected":false},"author":1,"featured_media":316,"comment_status":"closed","ping_status":"closed","sticky":false,"template":"","format":"standard","meta":{"footnotes":""},"categories":[7],"tags":[13],"class_list":["post-258","post","type-post","status-publish","format-standard","has-post-thumbnail","hentry","category-formation-entrepreneuriale","tag-meilleure-organisation-en-rdc"],"yoast_head":"<!-- This site is optimized with the Yoast SEO plugin v27.5 - https:\/\/yoast.com\/product\/yoast-seo-wordpress\/ -->\n<title>Remise des brevets aux femmes entrepreneures de la SUM Internationale en pr\u00e9sence de l&#039;autorit\u00e9 politico-administrative de Matadi - Solidarit\u00e9 Universelle dans le Monde<\/title>\n<meta name=\"robots\" content=\"index, follow, max-snippet:-1, max-image-preview:large, max-video-preview:-1\" \/>\n<link rel=\"canonical\" href=\"https:\/\/www.sum-internationale-rdc.org\/?p=258\" \/>\n<meta property=\"og:locale\" content=\"fr_FR\" \/>\n<meta property=\"og:type\" content=\"article\" \/>\n<meta property=\"og:title\" content=\"Remise des brevets aux femmes entrepreneures de la SUM Internationale en pr\u00e9sence de l&#039;autorit\u00e9 politico-administrative de Matadi - Solidarit\u00e9 Universelle dans le Monde\" \/>\n<meta property=\"og:description\" content=\"Remise des cadeaux de la Solidarit\u00e9 Universelle dans le Monde (SUM) aux Bourgmestres communaux de Nzanza et Mvuzi respectivement Ma\u00eetre NANA ESTHER et M. OSCAR repr\u00e9sent\u00e9 par le chef du quartier MONGO et l&rsquo;honorable d\u00e9put\u00e9 Provincial JUIF MANIANGA.\" \/>\n<meta property=\"og:url\" content=\"https:\/\/www.sum-internationale-rdc.org\/?p=258\" \/>\n<meta property=\"og:site_name\" content=\"Solidarit\u00e9 Universelle dans le Monde\" \/>\n<meta property=\"article:publisher\" content=\"https:\/\/web.facebook.com\/people\/Solidarit-Universelle-dans-le-Monde-SUM\/61561887928109\/?rdid=4gDODy6RSZp48ASv&amp;share_url=httpsweb.facebook.comshare1KUWq8e7VN_rdc1_rdr\" \/>\n<meta property=\"article:published_time\" content=\"2025-01-08T04:17:55+00:00\" \/>\n<meta property=\"article:modified_time\" content=\"2025-02-22T01:24:08+00:00\" \/>\n<meta property=\"og:image\" content=\"https:\/\/www.sum-internationale-rdc.org\/wp-content\/uploads\/2025\/01\/IMG-20250109-WA0018.jpg\" \/>\n\t<meta property=\"og:image:width\" content=\"1080\" \/>\n\t<meta property=\"og:image:height\" content=\"486\" \/>\n\t<meta property=\"og:image:type\" content=\"image\/jpeg\" \/>\n<meta name=\"author\" content=\"JBSUMINTERNATIONAL\" \/>\n<meta name=\"twitter:card\" content=\"summary_large_image\" \/>\n<meta name=\"twitter:label1\" content=\"\u00c9crit par\" \/>\n\t<meta name=\"twitter:data1\" content=\"JBSUMINTERNATIONAL\" \/>\n<script type=\"application\/ld+json\" class=\"yoast-schema-graph\">{\"@context\":\"https:\\\/\\\/schema.org\",\"@graph\":[{\"@type\":\"Article\",\"@id\":\"https:\\\/\\\/www.sum-internationale-rdc.org\\\/?p=258#article\",\"isPartOf\":{\"@id\":\"https:\\\/\\\/www.sum-internationale-rdc.org\\\/?p=258\"},\"author\":{\"name\":\"JBSUMINTERNATIONAL\",\"@id\":\"https:\\\/\\\/www.sum-internationale-rdc.org\\\/#\\\/schema\\\/person\\\/2948cabcbf71c3a3af354db0f6c4fcb5\"},\"headline\":\"Remise des brevets aux femmes entrepreneures de la SUM Internationale en pr\u00e9sence de l&rsquo;autorit\u00e9 politico-administrative de Matadi\",\"datePublished\":\"2025-01-08T04:17:55+00:00\",\"dateModified\":\"2025-02-22T01:24:08+00:00\",\"mainEntityOfPage\":{\"@id\":\"https:\\\/\\\/www.sum-internationale-rdc.org\\\/?p=258\"},\"wordCount\":61,\"publisher\":{\"@id\":\"https:\\\/\\\/www.sum-internationale-rdc.org\\\/#organization\"},\"image\":{\"@id\":\"https:\\\/\\\/www.sum-internationale-rdc.org\\\/?p=258#primaryimage\"},\"thumbnailUrl\":\"https:\\\/\\\/www.sum-internationale-rdc.org\\\/wp-content\\\/uploads\\\/2025\\\/01\\\/IMG-20250109-WA0018.jpg\",\"keywords\":[\"meilleure organisation en RDC\"],\"articleSection\":[\"Formation entrepreneuriale\"],\"inLanguage\":\"fr-FR\"},{\"@type\":\"WebPage\",\"@id\":\"https:\\\/\\\/www.sum-internationale-rdc.org\\\/?p=258\",\"url\":\"https:\\\/\\\/www.sum-internationale-rdc.org\\\/?p=258\",\"name\":\"Remise des brevets aux femmes entrepreneures de la SUM Internationale en pr\u00e9sence de l'autorit\u00e9 politico-administrative de Matadi - Solidarit\u00e9 Universelle dans le Monde\",\"isPartOf\":{\"@id\":\"https:\\\/\\\/www.sum-internationale-rdc.org\\\/#website\"},\"primaryImageOfPage\":{\"@id\":\"https:\\\/\\\/www.sum-internationale-rdc.org\\\/?p=258#primaryimage\"},\"image\":{\"@id\":\"https:\\\/\\\/www.sum-internationale-rdc.org\\\/?p=258#primaryimage\"},\"thumbnailUrl\":\"https:\\\/\\\/www.sum-internationale-rdc.org\\\/wp-content\\\/uploads\\\/2025\\\/01\\\/IMG-20250109-WA0018.jpg\",\"datePublished\":\"2025-01-08T04:17:55+00:00\",\"dateModified\":\"2025-02-22T01:24:08+00:00\",\"breadcrumb\":{\"@id\":\"https:\\\/\\\/www.sum-internationale-rdc.org\\\/?p=258#breadcrumb\"},\"inLanguage\":\"fr-FR\",\"potentialAction\":[{\"@type\":\"ReadAction\",\"target\":[\"https:\\\/\\\/www.sum-internationale-rdc.org\\\/?p=258\"]}]},{\"@type\":\"ImageObject\",\"inLanguage\":\"fr-FR\",\"@id\":\"https:\\\/\\\/www.sum-internationale-rdc.org\\\/?p=258#primaryimage\",\"url\":\"https:\\\/\\\/www.sum-internationale-rdc.org\\\/wp-content\\\/uploads\\\/2025\\\/01\\\/IMG-20250109-WA0018.jpg\",\"contentUrl\":\"https:\\\/\\\/www.sum-internationale-rdc.org\\\/wp-content\\\/uploads\\\/2025\\\/01\\\/IMG-20250109-WA0018.jpg\",\"width\":1080,\"height\":486},{\"@type\":\"BreadcrumbList\",\"@id\":\"https:\\\/\\\/www.sum-internationale-rdc.org\\\/?p=258#breadcrumb\",\"itemListElement\":[{\"@type\":\"ListItem\",\"position\":1,\"name\":\"Accueil\",\"item\":\"https:\\\/\\\/www.sum-internationale-rdc.org\\\/\"},{\"@type\":\"ListItem\",\"position\":2,\"name\":\"Remise des brevets aux femmes entrepreneures de la SUM Internationale en pr\u00e9sence de l&rsquo;autorit\u00e9 politico-administrative de Matadi\"}]},{\"@type\":\"WebSite\",\"@id\":\"https:\\\/\\\/www.sum-internationale-rdc.org\\\/#website\",\"url\":\"https:\\\/\\\/www.sum-internationale-rdc.org\\\/\",\"name\":\"Solidarit\u00e9 Universelle dans le Monde\",\"description\":\"Par nos actions, d\u00e9veloppons notre communaut\u00e9.\",\"publisher\":{\"@id\":\"https:\\\/\\\/www.sum-internationale-rdc.org\\\/#organization\"},\"potentialAction\":[{\"@type\":\"SearchAction\",\"target\":{\"@type\":\"EntryPoint\",\"urlTemplate\":\"https:\\\/\\\/www.sum-internationale-rdc.org\\\/?s={search_term_string}\"},\"query-input\":{\"@type\":\"PropertyValueSpecification\",\"valueRequired\":true,\"valueName\":\"search_term_string\"}}],\"inLanguage\":\"fr-FR\"},{\"@type\":\"Organization\",\"@id\":\"https:\\\/\\\/www.sum-internationale-rdc.org\\\/#organization\",\"name\":\"Solidarit\u00e9 Universelle dans le Monde\",\"url\":\"https:\\\/\\\/www.sum-internationale-rdc.org\\\/\",\"logo\":{\"@type\":\"ImageObject\",\"inLanguage\":\"fr-FR\",\"@id\":\"https:\\\/\\\/www.sum-internationale-rdc.org\\\/#\\\/schema\\\/logo\\\/image\\\/\",\"url\":\"https:\\\/\\\/www.sum-internationale-rdc.org\\\/wp-content\\\/uploads\\\/2024\\\/12\\\/cropped-IMG-20240701-WA0002.jpg\",\"contentUrl\":\"https:\\\/\\\/www.sum-internationale-rdc.org\\\/wp-content\\\/uploads\\\/2024\\\/12\\\/cropped-IMG-20240701-WA0002.jpg\",\"width\":712,\"height\":688,\"caption\":\"Solidarit\u00e9 Universelle dans le Monde\"},\"image\":{\"@id\":\"https:\\\/\\\/www.sum-internationale-rdc.org\\\/#\\\/schema\\\/logo\\\/image\\\/\"},\"sameAs\":[\"https:\\\/\\\/web.facebook.com\\\/people\\\/Solidarit-Universelle-dans-le-Monde-SUM\\\/61561887928109\\\/?rdid=4gDODy6RSZp48ASv&share_url=httpsweb.facebook.comshare1KUWq8e7VN_rdc1_rdr\"]},{\"@type\":\"Person\",\"@id\":\"https:\\\/\\\/www.sum-internationale-rdc.org\\\/#\\\/schema\\\/person\\\/2948cabcbf71c3a3af354db0f6c4fcb5\",\"name\":\"JBSUMINTERNATIONAL\",\"image\":{\"@type\":\"ImageObject\",\"inLanguage\":\"fr-FR\",\"@id\":\"https:\\\/\\\/secure.gravatar.com\\\/avatar\\\/354f7406b237e235e0628b368bc255219b5bcf3640bd41edcf4caa618bb9e0da?s=96&d=mm&r=g\",\"url\":\"https:\\\/\\\/secure.gravatar.com\\\/avatar\\\/354f7406b237e235e0628b368bc255219b5bcf3640bd41edcf4caa618bb9e0da?s=96&d=mm&r=g\",\"contentUrl\":\"https:\\\/\\\/secure.gravatar.com\\\/avatar\\\/354f7406b237e235e0628b368bc255219b5bcf3640bd41edcf4caa618bb9e0da?s=96&d=mm&r=g\",\"caption\":\"JBSUMINTERNATIONAL\"},\"sameAs\":[\"http:\\\/\\\/localhost\\\/PROJET%20SUM\"],\"url\":\"https:\\\/\\\/www.sum-internationale-rdc.org\\\/?author=1\"}]}<\/script>\n<!-- \/ Yoast SEO plugin. -->","yoast_head_json":{"title":"Remise des brevets aux femmes entrepreneures de la SUM Internationale en pr\u00e9sence de l'autorit\u00e9 politico-administrative de Matadi - Solidarit\u00e9 Universelle dans le Monde","robots":{"index":"index","follow":"follow","max-snippet":"max-snippet:-1","max-image-preview":"max-image-preview:large","max-video-preview":"max-video-preview:-1"},"canonical":"https:\/\/www.sum-internationale-rdc.org\/?p=258","og_locale":"fr_FR","og_type":"article","og_title":"Remise des brevets aux femmes entrepreneures de la SUM Internationale en pr\u00e9sence de l'autorit\u00e9 politico-administrative de Matadi - Solidarit\u00e9 Universelle dans le Monde","og_description":"Remise des cadeaux de la Solidarit\u00e9 Universelle dans le Monde (SUM) aux Bourgmestres communaux de Nzanza et Mvuzi respectivement Ma\u00eetre NANA ESTHER et M. OSCAR repr\u00e9sent\u00e9 par le chef du quartier MONGO et l&rsquo;honorable d\u00e9put\u00e9 Provincial JUIF MANIANGA.","og_url":"https:\/\/www.sum-internationale-rdc.org\/?p=258","og_site_name":"Solidarit\u00e9 Universelle dans le Monde","article_publisher":"https:\/\/web.facebook.com\/people\/Solidarit-Universelle-dans-le-Monde-SUM\/61561887928109\/?rdid=4gDODy6RSZp48ASv&share_url=httpsweb.facebook.comshare1KUWq8e7VN_rdc1_rdr","article_published_time":"2025-01-08T04:17:55+00:00","article_modified_time":"2025-02-22T01:24:08+00:00","og_image":[{"width":1080,"height":486,"url":"https:\/\/www.sum-internationale-rdc.org\/wp-content\/uploads\/2025\/01\/IMG-20250109-WA0018.jpg","type":"image\/jpeg"}],"author":"JBSUMINTERNATIONAL","twitter_card":"summary_large_image","twitter_misc":{"\u00c9crit par":"JBSUMINTERNATIONAL"},"schema":{"@context":"https:\/\/schema.org","@graph":[{"@type":"Article","@id":"https:\/\/www.sum-internationale-rdc.org\/?p=258#article","isPartOf":{"@id":"https:\/\/www.sum-internationale-rdc.org\/?p=258"},"author":{"name":"JBSUMINTERNATIONAL","@id":"https:\/\/www.sum-internationale-rdc.org\/#\/schema\/person\/2948cabcbf71c3a3af354db0f6c4fcb5"},"headline":"Remise des brevets aux femmes entrepreneures de la SUM Internationale en pr\u00e9sence de l&rsquo;autorit\u00e9 politico-administrative de Matadi","datePublished":"2025-01-08T04:17:55+00:00","dateModified":"2025-02-22T01:24:08+00:00","mainEntityOfPage":{"@id":"https:\/\/www.sum-internationale-rdc.org\/?p=258"},"wordCount":61,"publisher":{"@id":"https:\/\/www.sum-internationale-rdc.org\/#organization"},"image":{"@id":"https:\/\/www.sum-internationale-rdc.org\/?p=258#primaryimage"},"thumbnailUrl":"https:\/\/www.sum-internationale-rdc.org\/wp-content\/uploads\/2025\/01\/IMG-20250109-WA0018.jpg","keywords":["meilleure organisation en RDC"],"articleSection":["Formation entrepreneuriale"],"inLanguage":"fr-FR"},{"@type":"WebPage","@id":"https:\/\/www.sum-internationale-rdc.org\/?p=258","url":"https:\/\/www.sum-internationale-rdc.org\/?p=258","name":"Remise des brevets aux femmes entrepreneures de la SUM Internationale en pr\u00e9sence de l'autorit\u00e9 politico-administrative de Matadi - Solidarit\u00e9 Universelle dans le Monde","isPartOf":{"@id":"https:\/\/www.sum-internationale-rdc.org\/#website"},"primaryImageOfPage":{"@id":"https:\/\/www.sum-internationale-rdc.org\/?p=258#primaryimage"},"image":{"@id":"https:\/\/www.sum-internationale-rdc.org\/?p=258#primaryimage"},"thumbnailUrl":"https:\/\/www.sum-internationale-rdc.org\/wp-content\/uploads\/2025\/01\/IMG-20250109-WA0018.jpg","datePublished":"2025-01-08T04:17:55+00:00","dateModified":"2025-02-22T01:24:08+00:00","breadcrumb":{"@id":"https:\/\/www.sum-internationale-rdc.org\/?p=258#breadcrumb"},"inLanguage":"fr-FR","potentialAction":[{"@type":"ReadAction","target":["https:\/\/www.sum-internationale-rdc.org\/?p=258"]}]},{"@type":"ImageObject","inLanguage":"fr-FR","@id":"https:\/\/www.sum-internationale-rdc.org\/?p=258#primaryimage","url":"https:\/\/www.sum-internationale-rdc.org\/wp-content\/uploads\/2025\/01\/IMG-20250109-WA0018.jpg","contentUrl":"https:\/\/www.sum-internationale-rdc.org\/wp-content\/uploads\/2025\/01\/IMG-20250109-WA0018.jpg","width":1080,"height":486},{"@type":"BreadcrumbList","@id":"https:\/\/www.sum-internationale-rdc.org\/?p=258#breadcrumb","itemListElement":[{"@type":"ListItem","position":1,"name":"Accueil","item":"https:\/\/www.sum-internationale-rdc.org\/"},{"@type":"ListItem","position":2,"name":"Remise des brevets aux femmes entrepreneures de la SUM Internationale en pr\u00e9sence de l&rsquo;autorit\u00e9 politico-administrative de Matadi"}]},{"@type":"WebSite","@id":"https:\/\/www.sum-internationale-rdc.org\/#website","url":"https:\/\/www.sum-internationale-rdc.org\/","name":"Solidarit\u00e9 Universelle dans le Monde","description":"Par nos actions, d\u00e9veloppons notre communaut\u00e9.","publisher":{"@id":"https:\/\/www.sum-internationale-rdc.org\/#organization"},"potentialAction":[{"@type":"SearchAction","target":{"@type":"EntryPoint","urlTemplate":"https:\/\/www.sum-internationale-rdc.org\/?s={search_term_string}"},"query-input":{"@type":"PropertyValueSpecification","valueRequired":true,"valueName":"search_term_string"}}],"inLanguage":"fr-FR"},{"@type":"Organization","@id":"https:\/\/www.sum-internationale-rdc.org\/#organization","name":"Solidarit\u00e9 Universelle dans le Monde","url":"https:\/\/www.sum-internationale-rdc.org\/","logo":{"@type":"ImageObject","inLanguage":"fr-FR","@id":"https:\/\/www.sum-internationale-rdc.org\/#\/schema\/logo\/image\/","url":"https:\/\/www.sum-internationale-rdc.org\/wp-content\/uploads\/2024\/12\/cropped-IMG-20240701-WA0002.jpg","contentUrl":"https:\/\/www.sum-internationale-rdc.org\/wp-content\/uploads\/2024\/12\/cropped-IMG-20240701-WA0002.jpg","width":712,"height":688,"caption":"Solidarit\u00e9 Universelle dans le Monde"},"image":{"@id":"https:\/\/www.sum-internationale-rdc.org\/#\/schema\/logo\/image\/"},"sameAs":["https:\/\/web.facebook.com\/people\/Solidarit-Universelle-dans-le-Monde-SUM\/61561887928109\/?rdid=4gDODy6RSZp48ASv&share_url=httpsweb.facebook.comshare1KUWq8e7VN_rdc1_rdr"]},{"@type":"Person","@id":"https:\/\/www.sum-internationale-rdc.org\/#\/schema\/person\/2948cabcbf71c3a3af354db0f6c4fcb5","name":"JBSUMINTERNATIONAL","image":{"@type":"ImageObject","inLanguage":"fr-FR","@id":"https:\/\/secure.gravatar.com\/avatar\/354f7406b237e235e0628b368bc255219b5bcf3640bd41edcf4caa618bb9e0da?s=96&d=mm&r=g","url":"https:\/\/secure.gravatar.com\/avatar\/354f7406b237e235e0628b368bc255219b5bcf3640bd41edcf4caa618bb9e0da?s=96&d=mm&r=g","contentUrl":"https:\/\/secure.gravatar.com\/avatar\/354f7406b237e235e0628b368bc255219b5bcf3640bd41edcf4caa618bb9e0da?s=96&d=mm&r=g","caption":"JBSUMINTERNATIONAL"},"sameAs":["http:\/\/localhost\/PROJET%20SUM"],"url":"https:\/\/www.sum-internationale-rdc.org\/?author=1"}]}},"_links":{"self":[{"href":"https:\/\/www.sum-internationale-rdc.org\/index.php?rest_route=\/wp\/v2\/posts\/258","targetHints":{"allow":["GET"]}}],"collection":[{"href":"https:\/\/www.sum-internationale-rdc.org\/index.php?rest_route=\/wp\/v2\/posts"}],"about":[{"href":"https:\/\/www.sum-internationale-rdc.org\/index.php?rest_route=\/wp\/v2\/types\/post"}],"author":[{"embeddable":true,"href":"https:\/\/www.sum-internationale-rdc.org\/index.php?rest_route=\/wp\/v2\/users\/1"}],"replies":[{"embeddable":true,"href":"https:\/\/www.sum-internationale-rdc.org\/index.php?rest_route=%2Fwp%2Fv2%2Fcomments&post=258"}],"version-history":[{"count":9,"href":"https:\/\/www.sum-internationale-rdc.org\/index.php?rest_route=\/wp\/v2\/posts\/258\/revisions"}],"predecessor-version":[{"id":471,"href":"https:\/\/www.sum-internationale-rdc.org\/index.php?rest_route=\/wp\/v2\/posts\/258\/revisions\/471"}],"wp:featuredmedia":[{"embeddable":true,"href":"https:\/\/www.sum-internationale-rdc.org\/index.php?rest_route=\/wp\/v2\/media\/316"}],"wp:attachment":[{"href":"https:\/\/www.sum-internationale-rdc.org\/index.php?rest_route=%2Fwp%2Fv2%2Fmedia&parent=258"}],"wp:term":[{"taxonomy":"category","embeddable":true,"href":"https:\/\/www.sum-internationale-rdc.org\/index.php?rest_route=%2Fwp%2Fv2%2Fcategories&post=258"},{"taxonomy":"post_tag","embeddable":true,"href":"https:\/\/www.sum-internationale-rdc.org\/index.php?rest_route=%2Fwp%2Fv2%2Ftags&post=258"}],"curies":[{"name":"wp","href":"https:\/\/api.w.org\/{rel}","templated":true}]}}