{"id":221,"date":"2025-01-07T06:10:49","date_gmt":"2025-01-07T05:10:49","guid":{"rendered":"http:\/\/localhost\/PROJET%20SUM\/?p=221"},"modified":"2025-02-22T02:24:41","modified_gmt":"2025-02-22T01:24:41","slug":"formation-des-femmes-entrepreneures-de-la-sum-internationale-en-rdc-kongo-central","status":"publish","type":"post","link":"https:\/\/www.sum-internationale-rdc.org\/?p=221","title":{"rendered":"Formation des femmes entrepreneures de la SUM Internationale en RDC, Kongo Central en date du 06 Juin 2024"},"content":{"rendered":"\n<figure class=\"wp-block-gallery has-nested-images columns-default is-cropped wp-block-gallery-1 is-layout-flex wp-block-gallery-is-layout-flex\">\n<figure class=\"wp-block-image size-large\"><img  title=\"\" loading=\"lazy\" decoding=\"async\" width=\"720\" height=\"324\" data-id=\"51\" src=\"http:\/\/localhost\/PROJET%20SUM\/wp-content\/uploads\/2024\/12\/1735019211571.jpg\"  alt=\"1735019211571 Formation des femmes entrepreneures de la SUM Internationale en RDC, Kongo Central en date du 06 Juin 2024\"  class=\"wp-image-51\" srcset=\"https:\/\/www.sum-internationale-rdc.org\/wp-content\/uploads\/2024\/12\/1735019211571.jpg 720w, https:\/\/www.sum-internationale-rdc.org\/wp-content\/uploads\/2024\/12\/1735019211571-300x135.jpg 300w\" sizes=\"auto, (max-width: 720px) 100vw, 720px\" \/><\/figure>\n\n\n\n<figure class=\"wp-block-image size-large\"><img  title=\"\" loading=\"lazy\" decoding=\"async\" width=\"1024\" height=\"768\" data-id=\"44\" src=\"http:\/\/localhost\/PROJET%20SUM\/wp-content\/uploads\/2024\/12\/IMG-20240701-WA0017-1024x768.jpg\"  alt=\"IMG-20240701-WA0017-1024x768 Formation des femmes entrepreneures de la SUM Internationale en RDC, Kongo Central en date du 06 Juin 2024\"  class=\"wp-image-44\" srcset=\"https:\/\/www.sum-internationale-rdc.org\/wp-content\/uploads\/2024\/12\/IMG-20240701-WA0017-1024x768.jpg 1024w, https:\/\/www.sum-internationale-rdc.org\/wp-content\/uploads\/2024\/12\/IMG-20240701-WA0017-300x225.jpg 300w, https:\/\/www.sum-internationale-rdc.org\/wp-content\/uploads\/2024\/12\/IMG-20240701-WA0017-768x576.jpg 768w, https:\/\/www.sum-internationale-rdc.org\/wp-content\/uploads\/2024\/12\/IMG-20240701-WA0017-1536x1152.jpg 1536w, https:\/\/www.sum-internationale-rdc.org\/wp-content\/uploads\/2024\/12\/IMG-20240701-WA0017-2048x1536.jpg 2048w\" sizes=\"auto, (max-width: 1024px) 100vw, 1024px\" \/><\/figure>\n<\/figure>\n\n\n\n<p>R\u00e9publique D\u00e9mocratique du Congo, Province du Kongo dans le chef-lieu Matadi. SUM Internationale cellule Biwewe.<\/p>\n\n\n\n<p>L&rsquo;activit\u00e9 \u00e0 \u00e9t\u00e9 une r\u00e9ussite sous la coordination du Pr\u00e9sident de la SUM International, Monsieur <strong>ANDERSON KALEMBA<\/strong>.<\/p>\n\n\n\n<p><\/p>\n","protected":false},"excerpt":{"rendered":"<p>R\u00e9publique D\u00e9mocratique du Congo, Province du Kongo dans le chef-lieu Matadi. SUM Internationale cellule Biwewe. L&rsquo;activit\u00e9 \u00e0 \u00e9t\u00e9 une r\u00e9ussite sous la coordination du Pr\u00e9sident de la SUM International, Monsieur ANDERSON KALEMBA.<\/p>\n","protected":false},"author":1,"featured_media":44,"comment_status":"closed","ping_status":"closed","sticky":false,"template":"","format":"standard","meta":{"footnotes":""},"categories":[7],"tags":[13],"class_list":["post-221","post","type-post","status-publish","format-standard","has-post-thumbnail","hentry","category-formation-entrepreneuriale","tag-meilleure-organisation-en-rdc"],"yoast_head":"<!-- This site is optimized with the Yoast SEO plugin v27.5 - https:\/\/yoast.com\/product\/yoast-seo-wordpress\/ -->\n<title>Formation des femmes entrepreneures de la SUM Internationale en RDC, Kongo Central en date du 06 Juin 2024 - Solidarit\u00e9 Universelle dans le Monde<\/title>\n<meta name=\"robots\" content=\"index, follow, max-snippet:-1, max-image-preview:large, max-video-preview:-1\" \/>\n<link rel=\"canonical\" href=\"https:\/\/www.sum-internationale-rdc.org\/?p=221\" \/>\n<meta property=\"og:locale\" content=\"fr_FR\" \/>\n<meta property=\"og:type\" content=\"article\" \/>\n<meta property=\"og:title\" content=\"Formation des femmes entrepreneures de la SUM Internationale en RDC, Kongo Central en date du 06 Juin 2024 - Solidarit\u00e9 Universelle dans le Monde\" \/>\n<meta property=\"og:description\" content=\"R\u00e9publique D\u00e9mocratique du Congo, Province du Kongo dans le chef-lieu Matadi. SUM Internationale cellule Biwewe. L&rsquo;activit\u00e9 \u00e0 \u00e9t\u00e9 une r\u00e9ussite sous la coordination du Pr\u00e9sident de la SUM International, Monsieur ANDERSON KALEMBA.\" \/>\n<meta property=\"og:url\" content=\"https:\/\/www.sum-internationale-rdc.org\/?p=221\" \/>\n<meta property=\"og:site_name\" content=\"Solidarit\u00e9 Universelle dans le Monde\" \/>\n<meta property=\"article:publisher\" content=\"https:\/\/web.facebook.com\/people\/Solidarit-Universelle-dans-le-Monde-SUM\/61561887928109\/?rdid=4gDODy6RSZp48ASv&amp;share_url=httpsweb.facebook.comshare1KUWq8e7VN_rdc1_rdr\" \/>\n<meta property=\"article:published_time\" content=\"2025-01-07T05:10:49+00:00\" \/>\n<meta property=\"article:modified_time\" content=\"2025-02-22T01:24:41+00:00\" \/>\n<meta property=\"og:image\" content=\"https:\/\/www.sum-internationale-rdc.org\/wp-content\/uploads\/2024\/12\/IMG-20240701-WA0017.jpg\" \/>\n\t<meta property=\"og:image:width\" content=\"2560\" \/>\n\t<meta property=\"og:image:height\" content=\"1920\" \/>\n\t<meta property=\"og:image:type\" content=\"image\/jpeg\" \/>\n<meta name=\"author\" content=\"JBSUMINTERNATIONAL\" \/>\n<meta name=\"twitter:card\" content=\"summary_large_image\" \/>\n<meta name=\"twitter:label1\" content=\"\u00c9crit par\" \/>\n\t<meta name=\"twitter:data1\" content=\"JBSUMINTERNATIONAL\" \/>\n<script type=\"application\/ld+json\" class=\"yoast-schema-graph\">{\"@context\":\"https:\\\/\\\/schema.org\",\"@graph\":[{\"@type\":\"Article\",\"@id\":\"https:\\\/\\\/www.sum-internationale-rdc.org\\\/?p=221#article\",\"isPartOf\":{\"@id\":\"https:\\\/\\\/www.sum-internationale-rdc.org\\\/?p=221\"},\"author\":{\"name\":\"JBSUMINTERNATIONAL\",\"@id\":\"https:\\\/\\\/www.sum-internationale-rdc.org\\\/#\\\/schema\\\/person\\\/2948cabcbf71c3a3af354db0f6c4fcb5\"},\"headline\":\"Formation des femmes entrepreneures de la SUM Internationale en RDC, Kongo Central en date du 06 Juin 2024\",\"datePublished\":\"2025-01-07T05:10:49+00:00\",\"dateModified\":\"2025-02-22T01:24:41+00:00\",\"mainEntityOfPage\":{\"@id\":\"https:\\\/\\\/www.sum-internationale-rdc.org\\\/?p=221\"},\"wordCount\":52,\"publisher\":{\"@id\":\"https:\\\/\\\/www.sum-internationale-rdc.org\\\/#organization\"},\"image\":{\"@id\":\"https:\\\/\\\/www.sum-internationale-rdc.org\\\/?p=221#primaryimage\"},\"thumbnailUrl\":\"https:\\\/\\\/www.sum-internationale-rdc.org\\\/wp-content\\\/uploads\\\/2024\\\/12\\\/IMG-20240701-WA0017.jpg\",\"keywords\":[\"meilleure organisation en RDC\"],\"articleSection\":[\"Formation entrepreneuriale\"],\"inLanguage\":\"fr-FR\"},{\"@type\":\"WebPage\",\"@id\":\"https:\\\/\\\/www.sum-internationale-rdc.org\\\/?p=221\",\"url\":\"https:\\\/\\\/www.sum-internationale-rdc.org\\\/?p=221\",\"name\":\"Formation des femmes entrepreneures de la SUM Internationale en RDC, Kongo Central en date du 06 Juin 2024 - Solidarit\u00e9 Universelle dans le Monde\",\"isPartOf\":{\"@id\":\"https:\\\/\\\/www.sum-internationale-rdc.org\\\/#website\"},\"primaryImageOfPage\":{\"@id\":\"https:\\\/\\\/www.sum-internationale-rdc.org\\\/?p=221#primaryimage\"},\"image\":{\"@id\":\"https:\\\/\\\/www.sum-internationale-rdc.org\\\/?p=221#primaryimage\"},\"thumbnailUrl\":\"https:\\\/\\\/www.sum-internationale-rdc.org\\\/wp-content\\\/uploads\\\/2024\\\/12\\\/IMG-20240701-WA0017.jpg\",\"datePublished\":\"2025-01-07T05:10:49+00:00\",\"dateModified\":\"2025-02-22T01:24:41+00:00\",\"breadcrumb\":{\"@id\":\"https:\\\/\\\/www.sum-internationale-rdc.org\\\/?p=221#breadcrumb\"},\"inLanguage\":\"fr-FR\",\"potentialAction\":[{\"@type\":\"ReadAction\",\"target\":[\"https:\\\/\\\/www.sum-internationale-rdc.org\\\/?p=221\"]}]},{\"@type\":\"ImageObject\",\"inLanguage\":\"fr-FR\",\"@id\":\"https:\\\/\\\/www.sum-internationale-rdc.org\\\/?p=221#primaryimage\",\"url\":\"https:\\\/\\\/www.sum-internationale-rdc.org\\\/wp-content\\\/uploads\\\/2024\\\/12\\\/IMG-20240701-WA0017.jpg\",\"contentUrl\":\"https:\\\/\\\/www.sum-internationale-rdc.org\\\/wp-content\\\/uploads\\\/2024\\\/12\\\/IMG-20240701-WA0017.jpg\",\"width\":2560,\"height\":1920},{\"@type\":\"BreadcrumbList\",\"@id\":\"https:\\\/\\\/www.sum-internationale-rdc.org\\\/?p=221#breadcrumb\",\"itemListElement\":[{\"@type\":\"ListItem\",\"position\":1,\"name\":\"Accueil\",\"item\":\"https:\\\/\\\/www.sum-internationale-rdc.org\\\/\"},{\"@type\":\"ListItem\",\"position\":2,\"name\":\"Formation des femmes entrepreneures de la SUM Internationale en RDC, Kongo Central en date du 06 Juin 2024\"}]},{\"@type\":\"WebSite\",\"@id\":\"https:\\\/\\\/www.sum-internationale-rdc.org\\\/#website\",\"url\":\"https:\\\/\\\/www.sum-internationale-rdc.org\\\/\",\"name\":\"Solidarit\u00e9 Universelle dans le Monde\",\"description\":\"Par nos actions, d\u00e9veloppons notre communaut\u00e9.\",\"publisher\":{\"@id\":\"https:\\\/\\\/www.sum-internationale-rdc.org\\\/#organization\"},\"potentialAction\":[{\"@type\":\"SearchAction\",\"target\":{\"@type\":\"EntryPoint\",\"urlTemplate\":\"https:\\\/\\\/www.sum-internationale-rdc.org\\\/?s={search_term_string}\"},\"query-input\":{\"@type\":\"PropertyValueSpecification\",\"valueRequired\":true,\"valueName\":\"search_term_string\"}}],\"inLanguage\":\"fr-FR\"},{\"@type\":\"Organization\",\"@id\":\"https:\\\/\\\/www.sum-internationale-rdc.org\\\/#organization\",\"name\":\"Solidarit\u00e9 Universelle dans le Monde\",\"url\":\"https:\\\/\\\/www.sum-internationale-rdc.org\\\/\",\"logo\":{\"@type\":\"ImageObject\",\"inLanguage\":\"fr-FR\",\"@id\":\"https:\\\/\\\/www.sum-internationale-rdc.org\\\/#\\\/schema\\\/logo\\\/image\\\/\",\"url\":\"https:\\\/\\\/www.sum-internationale-rdc.org\\\/wp-content\\\/uploads\\\/2024\\\/12\\\/cropped-IMG-20240701-WA0002.jpg\",\"contentUrl\":\"https:\\\/\\\/www.sum-internationale-rdc.org\\\/wp-content\\\/uploads\\\/2024\\\/12\\\/cropped-IMG-20240701-WA0002.jpg\",\"width\":712,\"height\":688,\"caption\":\"Solidarit\u00e9 Universelle dans le Monde\"},\"image\":{\"@id\":\"https:\\\/\\\/www.sum-internationale-rdc.org\\\/#\\\/schema\\\/logo\\\/image\\\/\"},\"sameAs\":[\"https:\\\/\\\/web.facebook.com\\\/people\\\/Solidarit-Universelle-dans-le-Monde-SUM\\\/61561887928109\\\/?rdid=4gDODy6RSZp48ASv&share_url=httpsweb.facebook.comshare1KUWq8e7VN_rdc1_rdr\"]},{\"@type\":\"Person\",\"@id\":\"https:\\\/\\\/www.sum-internationale-rdc.org\\\/#\\\/schema\\\/person\\\/2948cabcbf71c3a3af354db0f6c4fcb5\",\"name\":\"JBSUMINTERNATIONAL\",\"image\":{\"@type\":\"ImageObject\",\"inLanguage\":\"fr-FR\",\"@id\":\"https:\\\/\\\/secure.gravatar.com\\\/avatar\\\/354f7406b237e235e0628b368bc255219b5bcf3640bd41edcf4caa618bb9e0da?s=96&d=mm&r=g\",\"url\":\"https:\\\/\\\/secure.gravatar.com\\\/avatar\\\/354f7406b237e235e0628b368bc255219b5bcf3640bd41edcf4caa618bb9e0da?s=96&d=mm&r=g\",\"contentUrl\":\"https:\\\/\\\/secure.gravatar.com\\\/avatar\\\/354f7406b237e235e0628b368bc255219b5bcf3640bd41edcf4caa618bb9e0da?s=96&d=mm&r=g\",\"caption\":\"JBSUMINTERNATIONAL\"},\"sameAs\":[\"http:\\\/\\\/localhost\\\/PROJET%20SUM\"],\"url\":\"https:\\\/\\\/www.sum-internationale-rdc.org\\\/?author=1\"}]}<\/script>\n<!-- \/ Yoast SEO plugin. -->","yoast_head_json":{"title":"Formation des femmes entrepreneures de la SUM Internationale en RDC, Kongo Central en date du 06 Juin 2024 - Solidarit\u00e9 Universelle dans le Monde","robots":{"index":"index","follow":"follow","max-snippet":"max-snippet:-1","max-image-preview":"max-image-preview:large","max-video-preview":"max-video-preview:-1"},"canonical":"https:\/\/www.sum-internationale-rdc.org\/?p=221","og_locale":"fr_FR","og_type":"article","og_title":"Formation des femmes entrepreneures de la SUM Internationale en RDC, Kongo Central en date du 06 Juin 2024 - Solidarit\u00e9 Universelle dans le Monde","og_description":"R\u00e9publique D\u00e9mocratique du Congo, Province du Kongo dans le chef-lieu Matadi. SUM Internationale cellule Biwewe. L&rsquo;activit\u00e9 \u00e0 \u00e9t\u00e9 une r\u00e9ussite sous la coordination du Pr\u00e9sident de la SUM International, Monsieur ANDERSON KALEMBA.","og_url":"https:\/\/www.sum-internationale-rdc.org\/?p=221","og_site_name":"Solidarit\u00e9 Universelle dans le Monde","article_publisher":"https:\/\/web.facebook.com\/people\/Solidarit-Universelle-dans-le-Monde-SUM\/61561887928109\/?rdid=4gDODy6RSZp48ASv&share_url=httpsweb.facebook.comshare1KUWq8e7VN_rdc1_rdr","article_published_time":"2025-01-07T05:10:49+00:00","article_modified_time":"2025-02-22T01:24:41+00:00","og_image":[{"width":2560,"height":1920,"url":"https:\/\/www.sum-internationale-rdc.org\/wp-content\/uploads\/2024\/12\/IMG-20240701-WA0017.jpg","type":"image\/jpeg"}],"author":"JBSUMINTERNATIONAL","twitter_card":"summary_large_image","twitter_misc":{"\u00c9crit par":"JBSUMINTERNATIONAL"},"schema":{"@context":"https:\/\/schema.org","@graph":[{"@type":"Article","@id":"https:\/\/www.sum-internationale-rdc.org\/?p=221#article","isPartOf":{"@id":"https:\/\/www.sum-internationale-rdc.org\/?p=221"},"author":{"name":"JBSUMINTERNATIONAL","@id":"https:\/\/www.sum-internationale-rdc.org\/#\/schema\/person\/2948cabcbf71c3a3af354db0f6c4fcb5"},"headline":"Formation des femmes entrepreneures de la SUM Internationale en RDC, Kongo Central en date du 06 Juin 2024","datePublished":"2025-01-07T05:10:49+00:00","dateModified":"2025-02-22T01:24:41+00:00","mainEntityOfPage":{"@id":"https:\/\/www.sum-internationale-rdc.org\/?p=221"},"wordCount":52,"publisher":{"@id":"https:\/\/www.sum-internationale-rdc.org\/#organization"},"image":{"@id":"https:\/\/www.sum-internationale-rdc.org\/?p=221#primaryimage"},"thumbnailUrl":"https:\/\/www.sum-internationale-rdc.org\/wp-content\/uploads\/2024\/12\/IMG-20240701-WA0017.jpg","keywords":["meilleure organisation en RDC"],"articleSection":["Formation entrepreneuriale"],"inLanguage":"fr-FR"},{"@type":"WebPage","@id":"https:\/\/www.sum-internationale-rdc.org\/?p=221","url":"https:\/\/www.sum-internationale-rdc.org\/?p=221","name":"Formation des femmes entrepreneures de la SUM Internationale en RDC, Kongo Central en date du 06 Juin 2024 - Solidarit\u00e9 Universelle dans le Monde","isPartOf":{"@id":"https:\/\/www.sum-internationale-rdc.org\/#website"},"primaryImageOfPage":{"@id":"https:\/\/www.sum-internationale-rdc.org\/?p=221#primaryimage"},"image":{"@id":"https:\/\/www.sum-internationale-rdc.org\/?p=221#primaryimage"},"thumbnailUrl":"https:\/\/www.sum-internationale-rdc.org\/wp-content\/uploads\/2024\/12\/IMG-20240701-WA0017.jpg","datePublished":"2025-01-07T05:10:49+00:00","dateModified":"2025-02-22T01:24:41+00:00","breadcrumb":{"@id":"https:\/\/www.sum-internationale-rdc.org\/?p=221#breadcrumb"},"inLanguage":"fr-FR","potentialAction":[{"@type":"ReadAction","target":["https:\/\/www.sum-internationale-rdc.org\/?p=221"]}]},{"@type":"ImageObject","inLanguage":"fr-FR","@id":"https:\/\/www.sum-internationale-rdc.org\/?p=221#primaryimage","url":"https:\/\/www.sum-internationale-rdc.org\/wp-content\/uploads\/2024\/12\/IMG-20240701-WA0017.jpg","contentUrl":"https:\/\/www.sum-internationale-rdc.org\/wp-content\/uploads\/2024\/12\/IMG-20240701-WA0017.jpg","width":2560,"height":1920},{"@type":"BreadcrumbList","@id":"https:\/\/www.sum-internationale-rdc.org\/?p=221#breadcrumb","itemListElement":[{"@type":"ListItem","position":1,"name":"Accueil","item":"https:\/\/www.sum-internationale-rdc.org\/"},{"@type":"ListItem","position":2,"name":"Formation des femmes entrepreneures de la SUM Internationale en RDC, Kongo Central en date du 06 Juin 2024"}]},{"@type":"WebSite","@id":"https:\/\/www.sum-internationale-rdc.org\/#website","url":"https:\/\/www.sum-internationale-rdc.org\/","name":"Solidarit\u00e9 Universelle dans le Monde","description":"Par nos actions, d\u00e9veloppons notre communaut\u00e9.","publisher":{"@id":"https:\/\/www.sum-internationale-rdc.org\/#organization"},"potentialAction":[{"@type":"SearchAction","target":{"@type":"EntryPoint","urlTemplate":"https:\/\/www.sum-internationale-rdc.org\/?s={search_term_string}"},"query-input":{"@type":"PropertyValueSpecification","valueRequired":true,"valueName":"search_term_string"}}],"inLanguage":"fr-FR"},{"@type":"Organization","@id":"https:\/\/www.sum-internationale-rdc.org\/#organization","name":"Solidarit\u00e9 Universelle dans le Monde","url":"https:\/\/www.sum-internationale-rdc.org\/","logo":{"@type":"ImageObject","inLanguage":"fr-FR","@id":"https:\/\/www.sum-internationale-rdc.org\/#\/schema\/logo\/image\/","url":"https:\/\/www.sum-internationale-rdc.org\/wp-content\/uploads\/2024\/12\/cropped-IMG-20240701-WA0002.jpg","contentUrl":"https:\/\/www.sum-internationale-rdc.org\/wp-content\/uploads\/2024\/12\/cropped-IMG-20240701-WA0002.jpg","width":712,"height":688,"caption":"Solidarit\u00e9 Universelle dans le Monde"},"image":{"@id":"https:\/\/www.sum-internationale-rdc.org\/#\/schema\/logo\/image\/"},"sameAs":["https:\/\/web.facebook.com\/people\/Solidarit-Universelle-dans-le-Monde-SUM\/61561887928109\/?rdid=4gDODy6RSZp48ASv&share_url=httpsweb.facebook.comshare1KUWq8e7VN_rdc1_rdr"]},{"@type":"Person","@id":"https:\/\/www.sum-internationale-rdc.org\/#\/schema\/person\/2948cabcbf71c3a3af354db0f6c4fcb5","name":"JBSUMINTERNATIONAL","image":{"@type":"ImageObject","inLanguage":"fr-FR","@id":"https:\/\/secure.gravatar.com\/avatar\/354f7406b237e235e0628b368bc255219b5bcf3640bd41edcf4caa618bb9e0da?s=96&d=mm&r=g","url":"https:\/\/secure.gravatar.com\/avatar\/354f7406b237e235e0628b368bc255219b5bcf3640bd41edcf4caa618bb9e0da?s=96&d=mm&r=g","contentUrl":"https:\/\/secure.gravatar.com\/avatar\/354f7406b237e235e0628b368bc255219b5bcf3640bd41edcf4caa618bb9e0da?s=96&d=mm&r=g","caption":"JBSUMINTERNATIONAL"},"sameAs":["http:\/\/localhost\/PROJET%20SUM"],"url":"https:\/\/www.sum-internationale-rdc.org\/?author=1"}]}},"_links":{"self":[{"href":"https:\/\/www.sum-internationale-rdc.org\/index.php?rest_route=\/wp\/v2\/posts\/221","targetHints":{"allow":["GET"]}}],"collection":[{"href":"https:\/\/www.sum-internationale-rdc.org\/index.php?rest_route=\/wp\/v2\/posts"}],"about":[{"href":"https:\/\/www.sum-internationale-rdc.org\/index.php?rest_route=\/wp\/v2\/types\/post"}],"author":[{"embeddable":true,"href":"https:\/\/www.sum-internationale-rdc.org\/index.php?rest_route=\/wp\/v2\/users\/1"}],"replies":[{"embeddable":true,"href":"https:\/\/www.sum-internationale-rdc.org\/index.php?rest_route=%2Fwp%2Fv2%2Fcomments&post=221"}],"version-history":[{"count":3,"href":"https:\/\/www.sum-internationale-rdc.org\/index.php?rest_route=\/wp\/v2\/posts\/221\/revisions"}],"predecessor-version":[{"id":472,"href":"https:\/\/www.sum-internationale-rdc.org\/index.php?rest_route=\/wp\/v2\/posts\/221\/revisions\/472"}],"wp:featuredmedia":[{"embeddable":true,"href":"https:\/\/www.sum-internationale-rdc.org\/index.php?rest_route=\/wp\/v2\/media\/44"}],"wp:attachment":[{"href":"https:\/\/www.sum-internationale-rdc.org\/index.php?rest_route=%2Fwp%2Fv2%2Fmedia&parent=221"}],"wp:term":[{"taxonomy":"category","embeddable":true,"href":"https:\/\/www.sum-internationale-rdc.org\/index.php?rest_route=%2Fwp%2Fv2%2Fcategories&post=221"},{"taxonomy":"post_tag","embeddable":true,"href":"https:\/\/www.sum-internationale-rdc.org\/index.php?rest_route=%2Fwp%2Fv2%2Ftags&post=221"}],"curies":[{"name":"wp","href":"https:\/\/api.w.org\/{rel}","templated":true}]}}