{"id":8,"count":3,"description":"","link":"https:\/\/www.sum-internationale-rdc.org\/?cat=8","name":"Encadrement des femmes","slug":"encadrement-des-femmes","taxonomy":"category","parent":0,"meta":[],"yoast_head":"<!-- This site is optimized with the Yoast SEO plugin v27.5 - https:\/\/yoast.com\/product\/yoast-seo-wordpress\/ -->\n<title>Archives des Encadrement des femmes - Solidarit\u00e9 Universelle dans le Monde<\/title>\n<meta name=\"robots\" content=\"index, follow, max-snippet:-1, max-image-preview:large, max-video-preview:-1\" \/>\n<link rel=\"canonical\" href=\"https:\/\/www.sum-internationale-rdc.org\/?cat=8\" \/>\n<meta property=\"og:locale\" content=\"fr_FR\" \/>\n<meta property=\"og:type\" content=\"article\" \/>\n<meta property=\"og:title\" content=\"Archives des Encadrement des femmes - Solidarit\u00e9 Universelle dans le Monde\" \/>\n<meta property=\"og:url\" content=\"https:\/\/www.sum-internationale-rdc.org\/?cat=8\" \/>\n<meta property=\"og:site_name\" content=\"Solidarit\u00e9 Universelle dans le Monde\" \/>\n<meta name=\"twitter:card\" content=\"summary_large_image\" \/>\n<script type=\"application\/ld+json\" class=\"yoast-schema-graph\">{\"@context\":\"https:\\\/\\\/schema.org\",\"@graph\":[{\"@type\":\"CollectionPage\",\"@id\":\"https:\\\/\\\/www.sum-internationale-rdc.org\\\/?cat=8\",\"url\":\"https:\\\/\\\/www.sum-internationale-rdc.org\\\/?cat=8\",\"name\":\"Archives des Encadrement des femmes - Solidarit\u00e9 Universelle dans le Monde\",\"isPartOf\":{\"@id\":\"https:\\\/\\\/www.sum-internationale-rdc.org\\\/#website\"},\"breadcrumb\":{\"@id\":\"https:\\\/\\\/www.sum-internationale-rdc.org\\\/?cat=8#breadcrumb\"},\"inLanguage\":\"fr-FR\"},{\"@type\":\"BreadcrumbList\",\"@id\":\"https:\\\/\\\/www.sum-internationale-rdc.org\\\/?cat=8#breadcrumb\",\"itemListElement\":[{\"@type\":\"ListItem\",\"position\":1,\"name\":\"Accueil\",\"item\":\"https:\\\/\\\/www.sum-internationale-rdc.org\\\/\"},{\"@type\":\"ListItem\",\"position\":2,\"name\":\"Encadrement des femmes\"}]},{\"@type\":\"WebSite\",\"@id\":\"https:\\\/\\\/www.sum-internationale-rdc.org\\\/#website\",\"url\":\"https:\\\/\\\/www.sum-internationale-rdc.org\\\/\",\"name\":\"Solidarit\u00e9 Universelle dans le Monde\",\"description\":\"Par nos actions, d\u00e9veloppons notre communaut\u00e9.\",\"publisher\":{\"@id\":\"https:\\\/\\\/www.sum-internationale-rdc.org\\\/#organization\"},\"potentialAction\":[{\"@type\":\"SearchAction\",\"target\":{\"@type\":\"EntryPoint\",\"urlTemplate\":\"https:\\\/\\\/www.sum-internationale-rdc.org\\\/?s={search_term_string}\"},\"query-input\":{\"@type\":\"PropertyValueSpecification\",\"valueRequired\":true,\"valueName\":\"search_term_string\"}}],\"inLanguage\":\"fr-FR\"},{\"@type\":\"Organization\",\"@id\":\"https:\\\/\\\/www.sum-internationale-rdc.org\\\/#organization\",\"name\":\"Solidarit\u00e9 Universelle dans le Monde\",\"url\":\"https:\\\/\\\/www.sum-internationale-rdc.org\\\/\",\"logo\":{\"@type\":\"ImageObject\",\"inLanguage\":\"fr-FR\",\"@id\":\"https:\\\/\\\/www.sum-internationale-rdc.org\\\/#\\\/schema\\\/logo\\\/image\\\/\",\"url\":\"https:\\\/\\\/www.sum-internationale-rdc.org\\\/wp-content\\\/uploads\\\/2024\\\/12\\\/cropped-IMG-20240701-WA0002.jpg\",\"contentUrl\":\"https:\\\/\\\/www.sum-internationale-rdc.org\\\/wp-content\\\/uploads\\\/2024\\\/12\\\/cropped-IMG-20240701-WA0002.jpg\",\"width\":712,\"height\":688,\"caption\":\"Solidarit\u00e9 Universelle dans le Monde\"},\"image\":{\"@id\":\"https:\\\/\\\/www.sum-internationale-rdc.org\\\/#\\\/schema\\\/logo\\\/image\\\/\"},\"sameAs\":[\"https:\\\/\\\/web.facebook.com\\\/people\\\/Solidarit-Universelle-dans-le-Monde-SUM\\\/61561887928109\\\/?rdid=4gDODy6RSZp48ASv&share_url=httpsweb.facebook.comshare1KUWq8e7VN_rdc1_rdr\"]}]}<\/script>\n<!-- \/ Yoast SEO plugin. -->","yoast_head_json":{"title":"Archives des Encadrement des femmes - Solidarit\u00e9 Universelle dans le Monde","robots":{"index":"index","follow":"follow","max-snippet":"max-snippet:-1","max-image-preview":"max-image-preview:large","max-video-preview":"max-video-preview:-1"},"canonical":"https:\/\/www.sum-internationale-rdc.org\/?cat=8","og_locale":"fr_FR","og_type":"article","og_title":"Archives des Encadrement des femmes - Solidarit\u00e9 Universelle dans le Monde","og_url":"https:\/\/www.sum-internationale-rdc.org\/?cat=8","og_site_name":"Solidarit\u00e9 Universelle dans le Monde","twitter_card":"summary_large_image","schema":{"@context":"https:\/\/schema.org","@graph":[{"@type":"CollectionPage","@id":"https:\/\/www.sum-internationale-rdc.org\/?cat=8","url":"https:\/\/www.sum-internationale-rdc.org\/?cat=8","name":"Archives des Encadrement des femmes - Solidarit\u00e9 Universelle dans le Monde","isPartOf":{"@id":"https:\/\/www.sum-internationale-rdc.org\/#website"},"breadcrumb":{"@id":"https:\/\/www.sum-internationale-rdc.org\/?cat=8#breadcrumb"},"inLanguage":"fr-FR"},{"@type":"BreadcrumbList","@id":"https:\/\/www.sum-internationale-rdc.org\/?cat=8#breadcrumb","itemListElement":[{"@type":"ListItem","position":1,"name":"Accueil","item":"https:\/\/www.sum-internationale-rdc.org\/"},{"@type":"ListItem","position":2,"name":"Encadrement des femmes"}]},{"@type":"WebSite","@id":"https:\/\/www.sum-internationale-rdc.org\/#website","url":"https:\/\/www.sum-internationale-rdc.org\/","name":"Solidarit\u00e9 Universelle dans le Monde","description":"Par nos actions, d\u00e9veloppons notre communaut\u00e9.","publisher":{"@id":"https:\/\/www.sum-internationale-rdc.org\/#organization"},"potentialAction":[{"@type":"SearchAction","target":{"@type":"EntryPoint","urlTemplate":"https:\/\/www.sum-internationale-rdc.org\/?s={search_term_string}"},"query-input":{"@type":"PropertyValueSpecification","valueRequired":true,"valueName":"search_term_string"}}],"inLanguage":"fr-FR"},{"@type":"Organization","@id":"https:\/\/www.sum-internationale-rdc.org\/#organization","name":"Solidarit\u00e9 Universelle dans le Monde","url":"https:\/\/www.sum-internationale-rdc.org\/","logo":{"@type":"ImageObject","inLanguage":"fr-FR","@id":"https:\/\/www.sum-internationale-rdc.org\/#\/schema\/logo\/image\/","url":"https:\/\/www.sum-internationale-rdc.org\/wp-content\/uploads\/2024\/12\/cropped-IMG-20240701-WA0002.jpg","contentUrl":"https:\/\/www.sum-internationale-rdc.org\/wp-content\/uploads\/2024\/12\/cropped-IMG-20240701-WA0002.jpg","width":712,"height":688,"caption":"Solidarit\u00e9 Universelle dans le Monde"},"image":{"@id":"https:\/\/www.sum-internationale-rdc.org\/#\/schema\/logo\/image\/"},"sameAs":["https:\/\/web.facebook.com\/people\/Solidarit-Universelle-dans-le-Monde-SUM\/61561887928109\/?rdid=4gDODy6RSZp48ASv&share_url=httpsweb.facebook.comshare1KUWq8e7VN_rdc1_rdr"]}]}},"_links":{"self":[{"href":"https:\/\/www.sum-internationale-rdc.org\/index.php?rest_route=\/wp\/v2\/categories\/8","targetHints":{"allow":["GET"]}}],"collection":[{"href":"https:\/\/www.sum-internationale-rdc.org\/index.php?rest_route=\/wp\/v2\/categories"}],"about":[{"href":"https:\/\/www.sum-internationale-rdc.org\/index.php?rest_route=\/wp\/v2\/taxonomies\/category"}],"wp:post_type":[{"href":"https:\/\/www.sum-internationale-rdc.org\/index.php?rest_route=%2Fwp%2Fv2%2Fposts&categories=8"}],"curies":[{"name":"wp","href":"https:\/\/api.w.org\/{rel}","templated":true}]}}